{"id":148594,"date":"2022-05-25T14:00:00","date_gmt":"2022-05-25T18:00:00","guid":{"rendered":"https:\/\/linitiative.ca\/International\/lapres-pandemie\/"},"modified":"2022-05-25T14:00:00","modified_gmt":"2022-05-25T18:00:00","slug":"lapres-pandemie","status":"publish","type":"post","link":"https:\/\/linitiative.ca\/International\/lapres-pandemie\/","title":{"rendered":"L\u2019apr\u00e8s-pand\u00e9mie !"},"content":{"rendered":"<div>\n<p class=\"has-text-align-left has-black-color has-text-color\"><strong>Le dramaturge du 17<sup>\u00e8me<\/sup> si\u00e8cle, Moli\u00e8re, disait un jour : \u00ab Nul ne peut atteindre l\u2019aube sans passer par le chemin de la nuit ! \u00bb. Cette litote qui pourrait para\u00eetre anodine, en dit long, dans l\u2019\u00e9tat d\u2019esprit qu\u2019on vit \u00e0 pr\u00e9sent, avec cette crise sardonique de \u00ab\u00a0l\u2019apr\u00e8s-Covid\u00a0\u00bb. Une seule question qui s\u2019empare de toutes les bouches actuellement\u00a0: \u00ab Comment serait-on, enfin apte \u00e0 reprendre la normalit\u00e9\u00a0? \u00bb. Le m\u00eame tracas hanterait les peuples de la plan\u00e8te, plus au moins impact\u00e9s. Chez nous, le combat continue dans les tranch\u00e9es de la premi\u00e8re ligne, pour r\u00e9parer les d\u00e9g\u00e2ts de la crise virale. Notre pays tient bon la barre afin de parvenir \u00e0 bon port au c\u0153ur des larges de temp\u00eates sanitaires. Il est bien vrai que, au fur et \u00e0 mesure, le bout du tunnel s\u2019entrevoit, telle une lueur salvatrice. Il n\u2019en est pas moins vrai que les mesures prises, jusqu\u2019\u00e0 pr\u00e9sent ne cessent de prouver leur efficacit\u00e9. Depuis d\u00e9j\u00e0 les toutes premi\u00e8res apparitions de l\u2019\u00e9pid\u00e9mie, on avait bien fait d\u2019anticiper sur la multitude de d\u00e9marches d\u2019apr\u00e8s-pand\u00e9mie avec lucidit\u00e9 et discernement. En d\u00e9pit de la cruaut\u00e9 des restrictions qui pleuvaient \u00e0 hue et \u00e0 dia sur l\u2019ensemble du royaume, le peuple r\u00e9pondait \u00e0 la lettre, aux appels des pouvoirs publics. A n\u2019en pas douter, l\u2019Etat par le biais de ses multiples autorit\u00e9s, inspire confiance, m\u00eame si toutes ses d\u00e9cisions allaient \u00e0 l\u2019encontre du gagne-pain quotidien pour la majeure partie des franges sociales. Le r\u00f4le de l\u2019Etat dans ce genre d\u2019\u00e9preuves s\u2019av\u00e9rait d\u00e9terminant. Et puis surgissaient, petit \u00e0 petit, toutes les \u00e9nergies cr\u00e9atives de la soci\u00e9t\u00e9, par le biais de ses jeunes qui produisaient ces merveilles qui faisaient admirer le monde. O\u00f9 \u00e9tait-il cach\u00e9 tout ce potentiel qui jaillissait subitement sur l\u2019enceinte de la Nation\u00a0? Il aurait fallu que la pand\u00e9mie e\u00fbt \u00e9clat\u00e9 pour qu\u2019on s\u2019en rende compte, au moment crucial de la lutte contre la propagation du virus. Ces prodiges qu\u2019on aurait bien d\u00fb aller d\u00e9nicher dans les entrailles du Maroc profond, se seraient \u00e9panouis dans les divers segments de la vie active si on s\u2019\u00e9tait correctement occup\u00e9, d\u00e8s leur bas \u00e2ge, de leur formation, de leur sant\u00e9, de leur emploi, de leur mati\u00e8re grise. Ce gisement humain dont pullule le pays ne figurait que rarement dans les agendas du d\u00e9veloppement, puisque l\u2019\u00e9cole publique et le soin m\u00e9dical sont rel\u00e9gu\u00e9s au second plan, au profit de la profusion des pratiques ignobles comme la d\u00e9liquescence, la rente et le monopole illicite dont s\u2019accapare une minorit\u00e9 du pays. Aujourd\u2019hui, on n\u2019a plus le droit de d\u00e9cevoir tout un peuple, apr\u00e8s l\u2019avoir fait endurer pour sortir indemne de la crise end\u00e9mique. Il ne serait, sans doute, plus possible de faire subsister ind\u00e9finiment cette conduite tant sectaire qu\u2019abjecte \u00e0 l\u2019\u00e9gard de ce tr\u00e9sor intarissable dont regorge le pays. Certes, le Maroc est a \u00ab\u00a0r\u00e9ussi\u00a0\u00bb la crise \u00e9pid\u00e9mique. Mais, il est en train de se relever \u00e0 l\u2019aune\u00a0 d\u2019une entreprise en mauvais \u00e9tat, un commerce mal au point, un tourisme chaotique, une industrie endommag\u00e9e, une \u00e9conomie d\u00e9sempar\u00e9e et une population d\u00e9contenanc\u00e9e. Tout semble \u00e0 refaire pour se remettre en selle. Ce serait une bonne occasion de tout remettre en question, pour mieux rebondir. Par la conjugaison de ces atouts dont la place de choix reviendrait au peuple, on mettrait fin au marasme de la disparit\u00e9 sociale et territoriale, au cynisme de l\u2019h\u00e9g\u00e9monie des nantis et au sarcasme de la d\u00e9pravation nocive. L\u2019aube, sortie des t\u00e9n\u00e8bres dont parla \u00a0l\u2019ing\u00e9nieux cr\u00e9ateur du \u00abbourgeois gentilhomme\u00bb, ne serait plus qu\u2019une question de temps !<\/strong><\/p>\n<p>L\u2019article <a rel=\"nofollow\" href=\"http:\/\/albayane.press.ma\/lapres-pandemie.html\">L\u2019apr\u00e8s-pand\u00e9mie !<\/a> est apparu en premier sur <a rel=\"nofollow\" href=\"http:\/\/albayane.press.ma\/\">ALBAYANE<\/a>.<\/p>\n<\/div>\n<p>Auteur: M&rsquo;hammed rahal<br \/>\n<a href=\"http:\/\/albayane.press.ma\/lapres-pandemie.html\">Cliquez ici pour lire l&rsquo;article depuis sa source.<\/a><\/p>\n","protected":false},"excerpt":{"rendered":"<p>Le dramaturge du 17\u00e8me si\u00e8cle, Moli\u00e8re, disait un jour : \u00ab Nul ne peut atteindre l\u2019aube sans passer par le chemin de la nuit ! \u00bb. Cette litote qui pourrait para\u00eetre anodine, en dit long, dans l\u2019\u00e9tat d\u2019esprit qu\u2019on vit \u00e0 pr\u00e9sent, avec cette crise sardonique de \u00ab\u00a0l\u2019apr\u00e8s-Covid\u00a0\u00bb. Une seule question qui s\u2019empare de toutes [&hellip;]<\/p>\n","protected":false},"author":1760,"featured_media":0,"comment_status":"closed","ping_status":"closed","sticky":false,"template":"","format":"standard","meta":{"fifu_image_url":"","fifu_image_alt":"","footnotes":""},"categories":[73,54],"tags":[],"class_list":["post-148594","post","type-post","status-publish","format-standard","hentry","category-actualite","category-maroc"],"_links":{"self":[{"href":"https:\/\/linitiative.ca\/International\/wp-json\/wp\/v2\/posts\/148594","targetHints":{"allow":["GET"]}}],"collection":[{"href":"https:\/\/linitiative.ca\/International\/wp-json\/wp\/v2\/posts"}],"about":[{"href":"https:\/\/linitiative.ca\/International\/wp-json\/wp\/v2\/types\/post"}],"author":[{"embeddable":true,"href":"https:\/\/linitiative.ca\/International\/wp-json\/wp\/v2\/users\/1760"}],"replies":[{"embeddable":true,"href":"https:\/\/linitiative.ca\/International\/wp-json\/wp\/v2\/comments?post=148594"}],"version-history":[{"count":0,"href":"https:\/\/linitiative.ca\/International\/wp-json\/wp\/v2\/posts\/148594\/revisions"}],"wp:attachment":[{"href":"https:\/\/linitiative.ca\/International\/wp-json\/wp\/v2\/media?parent=148594"}],"wp:term":[{"taxonomy":"category","embeddable":true,"href":"https:\/\/linitiative.ca\/International\/wp-json\/wp\/v2\/categories?post=148594"},{"taxonomy":"post_tag","embeddable":true,"href":"https:\/\/linitiative.ca\/International\/wp-json\/wp\/v2\/tags?post=148594"}],"curies":[{"name":"wp","href":"https:\/\/api.w.org\/{rel}","templated":true}]}}