{"id":148595,"date":"2022-05-25T14:00:00","date_gmt":"2022-05-25T18:00:00","guid":{"rendered":"https:\/\/linitiative.ca\/International\/nos-medinas-entre-la-gentrification-et-labandon\/"},"modified":"2022-05-25T14:00:00","modified_gmt":"2022-05-25T18:00:00","slug":"nos-medinas-entre-la-gentrification-et-labandon","status":"publish","type":"post","link":"https:\/\/linitiative.ca\/International\/nos-medinas-entre-la-gentrification-et-labandon\/","title":{"rendered":"Nos m\u00e9dinas entre la gentrification et l\u2019abandon"},"content":{"rendered":"<div>\n<p class=\"has-text-align-left has-black-color has-text-color\"><strong>Le d\u00e9placement \u00e0 travers le royaume permet de constater in visu le renouvellement du tissu urbain \u00e0 travers l\u2019ensemble du territoire national. Un constat mitig\u00e9 o\u00f9 les anciennes m\u00e9dinas, substrat de notre patrimoine, sont d\u00e9laiss\u00e9es.<\/strong><\/p>\n<p class=\"has-text-align-left has-black-color has-text-color\">Certes des efforts ont \u00e9t\u00e9 effectu\u00e9s pour que la remise \u00e0 niveau de certaines m\u00e9dinas s\u2019effectue\u00a0; m\u00eame si la restauration s\u2019est r\u00e9alis\u00e9e sans respect avec la sp\u00e9cificit\u00e9 des sites et leurs signatures. Un d\u00e9fi non relev\u00e9 aboutissant \u00e0 une homog\u00e9n\u00e9isation occultant la diversit\u00e9 esth\u00e9tique des m\u00e9dinas et leur diff\u00e9renciation.<\/p>\n<p class=\"has-text-align-left has-black-color has-text-color\">L\u2019initiative priv\u00e9e s\u2019est aussi investie pour la restauration de monuments historiques d\u2019int\u00e9r\u00eat national\u00a0; elle reste toutefois plus que limit\u00e9e, eu \u00e9gard \u00e0 ses possibilit\u00e9s financi\u00e8res. \u00a0<\/p>\n<p class=\"has-text-align-left has-black-color has-text-color\">Il reste donc \u00e0 faire et l\u2019urgence n\u00e9cessite une mobilisation g\u00e9n\u00e9rale, particuli\u00e8rement celle des acteurs locaux, pour que la r\u00e9habilitation des m\u00e9dinas puisse s\u2019int\u00e9grer dans le d\u00e9veloppement durable et intelligent des villes, sans concurrence aucune ni marginalisation.<\/p>\n<p class=\"has-text-align-left has-black-color has-text-color\">Des \u00e9vidences dont le rappel n\u2019est pas superflu\u00a0; \u00ab\u00a0et rappelez-vous, car le rappel profite\u2026\u00a0\u00bb. En effet, si la prise de conscience de la d\u00e9gradation des m\u00e9dinas date d\u2019une quarantaine d\u2019ann\u00e9es environ, l\u2019action \u00e0 mener pour y pallier est rest\u00e9e fragmentaire dans le temps et dans l\u2019espace, dissip\u00e9e faute d\u2019une strat\u00e9gie nationale pour la pr\u00e9servation et la r\u00e9habilitation des m\u00e9dinas.<\/p>\n<p class=\"has-text-align-left has-black-color has-text-color\">Nos m\u00e9dinas se sont constitu\u00e9es \u00e0 travers l\u2019histoire dont chaque p\u00e9riode a \u00e9t\u00e9 marqu\u00e9e par une expansion urbanistique ou parfois une destruction presque totale. Elles ont contribu\u00e9 au rayonnement du Royaume du Maroc \u00e0 travers leurs \u00e9changes commerciaux, leur attractivit\u00e9 culturelle et leur leadership cultuel.<\/p>\n<p class=\"has-text-align-left has-black-color has-text-color\">L\u2019\u00e9dification de la \u00ab\u00a0ville nouvelle\u00a0\u00bb a drain\u00e9e les habitants les plus ais\u00e9s vers les nouveaux b\u00e2timents, laissant la m\u00e9dina croupir sous le poids d\u2019une densification de sa population sans pour autant assurer le maintien de son b\u00e2ti et les conditions de sa saine physiologie. Ce qui a \u00e9t\u00e9 le creuset de la vie citadine, entre la conservation de la tradition dans sa splendeur, l\u2019ambition de l\u2019\u00e9mancipation et l\u2019initiation de la modernit\u00e9 est devenu un dormitoir d\u2019une population prol\u00e9taire, \u00e0 la recherche de sa survie en tout instant.<\/p>\n<p class=\"has-text-align-left has-black-color has-text-color\">En plus du d\u00e9labrement du b\u00e2ti, de la paup\u00e9risation de la population, des zones et des comportements de non droit s\u2019abritent dans cet \u00ab\u00a0habitat mena\u00e7ant ruine\u00a0\u00bb. La m\u00e9dina est laiss\u00e9e \u00e0 elle-m\u00eame dans sa d\u00e9rive que les repl\u00e2trages occasionnels et fragmentaires n\u2019arrivent pas \u00e0 inverser. \u00a0\u00a0\u00a0\u00a0\u00a0\u00a0<\/p>\n<p class=\"has-text-align-left has-black-color has-text-color\">Il est \u00e0 souligner que si les conditions d\u2019une probable r\u00e9novation globale ne se trouvent pas remplies, des processus de gentrification ont pu aboutir \u00e0 \u00ab\u00a0une renaissance urbaine\u00a0\u00bb de certaines m\u00e9dinas ou au moins \u00e0 raviver l\u2019espoir que cela reste du domaine du possible.<\/p>\n<p class=\"has-text-align-left has-black-color has-text-color\">Les situations sont diff\u00e9rentes. Entre Marrakech et Safi\u00a0; Essaouira et Azemmour\u00a0; Asilah et Chefchaouen\u00a0; Rabat, Sal\u00e9 et F\u00e8s, Mekn\u00e8s\u00a0\u2026 etc., l\u2019engouement (surtout exog\u00e8ne) n\u2019est pas le m\u00eame, les moyens mis \u00e0 contribution, la dynamique de r\u00e9novation et son suivi, le degr\u00e9 de r\u00e9ussite de la r\u00e9habilitation urbaine et ses cons\u00e9quences restent aux antipodes entre certaines m\u00e9dinas et les autres. Cette redynamisation s\u00e9lective montre ses limites et ses insuffisances alors que les m\u00e9dinas, dans leur ensemble, n\u00e9cessitent une approche globale mise en \u0153uvre par l\u2019Etat et les collectivit\u00e9s locales. L\u2019investissement pour des raisons \u00e9conomiques dans ces espaces doit int\u00e9grer l\u2019effort de requalification de la m\u00e9dina et non le commander, eu \u00e9gard \u00e0 sa charge patrimoniale, \u00e0 la n\u00e9cessit\u00e9 du respect de \u00ab\u00a0ses caract\u00e9ristiques mat\u00e9rielles et sociales d\u2019origine\u00a0\u00bb. La politique publique visant l\u2019int\u00e9gration de la m\u00e9dina dans le d\u00e9veloppement durable et intelligent de la ville doit assurer la p\u00e9rennit\u00e9 de son impact sur le tissu urbain ancien et celui qui, nouveau, le prolonge. Elle ne peut \u00eatre efficiente si elle est limit\u00e9e \u00e0 quelques fa\u00e7ades et pour une dur\u00e9e limit\u00e9e car la d\u00e9ch\u00e9ance s\u2019aggravera.<\/p>\n<p class=\"has-text-align-left has-black-color has-text-color\">Il est temps d\u2019instaurer \u00ab\u00a0un conseil de la m\u00e9dina\u00a0\u00bb o\u00f9 si\u00e8gent l\u2019autorit\u00e9 territoriale, les \u00e9lus et les repr\u00e9sentants de la soci\u00e9t\u00e9 civile pour une approche participative, volontariste et mobilisatrice afin de rem\u00e9dier aux diff\u00e9rents maux qui l\u2019ab\u00eement.\u00a0 \u00a0\u00a0\u00a0\u00a0\u00a0<\/p>\n<p class=\"has-text-align-left has-black-color has-text-color\">L\u2019adage populaire ne veut-il pas que si le nouveau ait son attrait, il ne faudrait pas d\u00e9pr\u00e9cier l\u2019ancien. Un ancien qui m\u00eame d\u00e9t\u00e9rior\u00e9 garde les traits de sa beaut\u00e9\u00a0!<\/p>\n<p>L\u2019article <a rel=\"nofollow\" href=\"http:\/\/albayane.press.ma\/nos-medinas-entre-la-gentrification-et-labandon.html\">Nos m\u00e9dinas entre la gentrification et l\u2019abandon<\/a> est apparu en premier sur <a rel=\"nofollow\" href=\"http:\/\/albayane.press.ma\/\">ALBAYANE<\/a>.<\/p>\n<\/div>\n<p>Auteur: M&rsquo;hammed rahal<br \/>\n<a href=\"http:\/\/albayane.press.ma\/nos-medinas-entre-la-gentrification-et-labandon.html\">Cliquez ici pour lire l&rsquo;article depuis sa source.<\/a><\/p>\n","protected":false},"excerpt":{"rendered":"<p>Le d\u00e9placement \u00e0 travers le royaume permet de constater in visu le renouvellement du tissu urbain \u00e0 travers l\u2019ensemble du territoire national. Un constat mitig\u00e9 o\u00f9 les anciennes m\u00e9dinas, substrat de notre patrimoine, sont d\u00e9laiss\u00e9es. Certes des efforts ont \u00e9t\u00e9 effectu\u00e9s pour que la remise \u00e0 niveau de certaines m\u00e9dinas s\u2019effectue\u00a0; m\u00eame si la restauration [&hellip;]<\/p>\n","protected":false},"author":1760,"featured_media":0,"comment_status":"closed","ping_status":"closed","sticky":false,"template":"","format":"standard","meta":{"fifu_image_url":"","fifu_image_alt":"","footnotes":""},"categories":[73,54],"tags":[],"class_list":["post-148595","post","type-post","status-publish","format-standard","hentry","category-actualite","category-maroc"],"_links":{"self":[{"href":"https:\/\/linitiative.ca\/International\/wp-json\/wp\/v2\/posts\/148595","targetHints":{"allow":["GET"]}}],"collection":[{"href":"https:\/\/linitiative.ca\/International\/wp-json\/wp\/v2\/posts"}],"about":[{"href":"https:\/\/linitiative.ca\/International\/wp-json\/wp\/v2\/types\/post"}],"author":[{"embeddable":true,"href":"https:\/\/linitiative.ca\/International\/wp-json\/wp\/v2\/users\/1760"}],"replies":[{"embeddable":true,"href":"https:\/\/linitiative.ca\/International\/wp-json\/wp\/v2\/comments?post=148595"}],"version-history":[{"count":0,"href":"https:\/\/linitiative.ca\/International\/wp-json\/wp\/v2\/posts\/148595\/revisions"}],"wp:attachment":[{"href":"https:\/\/linitiative.ca\/International\/wp-json\/wp\/v2\/media?parent=148595"}],"wp:term":[{"taxonomy":"category","embeddable":true,"href":"https:\/\/linitiative.ca\/International\/wp-json\/wp\/v2\/categories?post=148595"},{"taxonomy":"post_tag","embeddable":true,"href":"https:\/\/linitiative.ca\/International\/wp-json\/wp\/v2\/tags?post=148595"}],"curies":[{"name":"wp","href":"https:\/\/api.w.org\/{rel}","templated":true}]}}