{"id":148604,"date":"2022-05-26T10:54:57","date_gmt":"2022-05-26T14:54:57","guid":{"rendered":"https:\/\/linitiative.ca\/International\/electricite-la-production-locale-en-hausse\/"},"modified":"2022-05-26T10:54:57","modified_gmt":"2022-05-26T14:54:57","slug":"electricite-la-production-locale-en-hausse","status":"publish","type":"post","link":"https:\/\/linitiative.ca\/International\/electricite-la-production-locale-en-hausse\/","title":{"rendered":"\u00c9lectricit\u00e9 : La production locale en hausse"},"content":{"rendered":"<div>\n<div class=\"field field-name-body field-type-text-with-summary field-label-hidden\">\n<div class=\"field-items\">\n<div class=\"field-item even\" property=\"content:encoded\">\n<p>La production locale d&rsquo;\u00e9lectricit\u00e9 a progress\u00e9 de 4,1% au premier trimestre 2022, contre une hausse de 0,8% un an auparavant, selon la Direction du Tr\u00e9sor et des Finances ext\u00e9rieures (DTFE).<\/p>\n<\/div>\n<\/div>\n<\/div>\n<\/div>\n<p>Auteur: mbasraoui<br \/>\n<a href=\"https:\/\/www.leconomiste.com\/flash-infos\/electricite-la-production-locale-en-hausse\">Cliquez ici pour lire l&rsquo;article depuis sa source.<\/a><\/p>\n","protected":false},"excerpt":{"rendered":"<p>La production locale d&rsquo;\u00e9lectricit\u00e9 a progress\u00e9 de 4,1% au premier trimestre 2022, contre une hausse de 0,8% un an auparavant, selon la Direction du Tr\u00e9sor et des Finances ext\u00e9rieures (DTFE). Auteur: mbasraoui Cliquez ici pour lire l&rsquo;article depuis sa source.<\/p>\n","protected":false},"author":1763,"featured_media":0,"comment_status":"closed","ping_status":"closed","sticky":false,"template":"","format":"standard","meta":{"fifu_image_url":"","fifu_image_alt":"","footnotes":""},"categories":[78,54],"tags":[],"class_list":["post-148604","post","type-post","status-publish","format-standard","hentry","category-economie","category-maroc"],"_links":{"self":[{"href":"https:\/\/linitiative.ca\/International\/wp-json\/wp\/v2\/posts\/148604","targetHints":{"allow":["GET"]}}],"collection":[{"href":"https:\/\/linitiative.ca\/International\/wp-json\/wp\/v2\/posts"}],"about":[{"href":"https:\/\/linitiative.ca\/International\/wp-json\/wp\/v2\/types\/post"}],"author":[{"embeddable":true,"href":"https:\/\/linitiative.ca\/International\/wp-json\/wp\/v2\/users\/1763"}],"replies":[{"embeddable":true,"href":"https:\/\/linitiative.ca\/International\/wp-json\/wp\/v2\/comments?post=148604"}],"version-history":[{"count":0,"href":"https:\/\/linitiative.ca\/International\/wp-json\/wp\/v2\/posts\/148604\/revisions"}],"wp:attachment":[{"href":"https:\/\/linitiative.ca\/International\/wp-json\/wp\/v2\/media?parent=148604"}],"wp:term":[{"taxonomy":"category","embeddable":true,"href":"https:\/\/linitiative.ca\/International\/wp-json\/wp\/v2\/categories?post=148604"},{"taxonomy":"post_tag","embeddable":true,"href":"https:\/\/linitiative.ca\/International\/wp-json\/wp\/v2\/tags?post=148604"}],"curies":[{"name":"wp","href":"https:\/\/api.w.org\/{rel}","templated":true}]}}