{"id":148608,"date":"2022-05-26T13:41:55","date_gmt":"2022-05-26T17:41:55","guid":{"rendered":"https:\/\/linitiative.ca\/International\/recherche-linpt-sallie-au-laboratoire-canadien-larim\/"},"modified":"2022-05-26T13:41:55","modified_gmt":"2022-05-26T17:41:55","slug":"recherche-linpt-sallie-au-laboratoire-canadien-larim","status":"publish","type":"post","link":"https:\/\/linitiative.ca\/International\/recherche-linpt-sallie-au-laboratoire-canadien-larim\/","title":{"rendered":"Recherche: L&rsquo;INPT s&rsquo;allie au laboratoire canadien LARIM"},"content":{"rendered":"<div>\n<div class=\"field field-name-body field-type-text-with-summary field-label-hidden\">\n<div class=\"field-items\">\n<div class=\"field-item even\" property=\"content:encoded\">\n<p class=\"rtejustify\">L\u2019Institut national des postes et t\u00e9l\u00e9communications (INPT), Flex Group Canada, compagnie \u00e0 vocation technologique, orient\u00e9e vers la R&amp;D, et le Laboratoire de recherche en r\u00e9seautique et information mobile (LARIM, Polytechnique Montr\u00e9al) s&rsquo;allient. Les trois entit\u00e9s ont conclu,\u00a0\u00e0 l\u2019Ambassade du Canada \u00e0 Rabat, une convention de partenariat portant sur la coop\u00e9ration en mati\u00e8re de recherche, de d\u00e9veloppement, d\u2019insertion des laur\u00e9ats et de partage d\u2019exp\u00e9riences professionnelles (stages d\u2019observations, projets de recherche, \u2026).<\/p>\n<\/div>\n<\/div>\n<\/div>\n<\/div>\n<p>Auteur: hgueye<br \/>\n<a href=\"https:\/\/www.leconomiste.com\/flash-infos\/recherche-l-inpt-s-allie-au-laboratoire-canadien-larim\">Cliquez ici pour lire l&rsquo;article depuis sa source.<\/a><\/p>\n","protected":false},"excerpt":{"rendered":"<p>L\u2019Institut national des postes et t\u00e9l\u00e9communications (INPT), Flex Group Canada, compagnie \u00e0 vocation technologique, orient\u00e9e vers la R&amp;D, et le Laboratoire de recherche en r\u00e9seautique et information mobile (LARIM, Polytechnique Montr\u00e9al) s&rsquo;allient. Les trois entit\u00e9s ont conclu,\u00a0\u00e0 l\u2019Ambassade du Canada \u00e0 Rabat, une convention de partenariat portant sur la coop\u00e9ration en mati\u00e8re de recherche, de [&hellip;]<\/p>\n","protected":false},"author":1763,"featured_media":0,"comment_status":"closed","ping_status":"closed","sticky":false,"template":"","format":"standard","meta":{"fifu_image_url":"","fifu_image_alt":"","footnotes":""},"categories":[78,54],"tags":[],"class_list":["post-148608","post","type-post","status-publish","format-standard","hentry","category-economie","category-maroc"],"_links":{"self":[{"href":"https:\/\/linitiative.ca\/International\/wp-json\/wp\/v2\/posts\/148608","targetHints":{"allow":["GET"]}}],"collection":[{"href":"https:\/\/linitiative.ca\/International\/wp-json\/wp\/v2\/posts"}],"about":[{"href":"https:\/\/linitiative.ca\/International\/wp-json\/wp\/v2\/types\/post"}],"author":[{"embeddable":true,"href":"https:\/\/linitiative.ca\/International\/wp-json\/wp\/v2\/users\/1763"}],"replies":[{"embeddable":true,"href":"https:\/\/linitiative.ca\/International\/wp-json\/wp\/v2\/comments?post=148608"}],"version-history":[{"count":0,"href":"https:\/\/linitiative.ca\/International\/wp-json\/wp\/v2\/posts\/148608\/revisions"}],"wp:attachment":[{"href":"https:\/\/linitiative.ca\/International\/wp-json\/wp\/v2\/media?parent=148608"}],"wp:term":[{"taxonomy":"category","embeddable":true,"href":"https:\/\/linitiative.ca\/International\/wp-json\/wp\/v2\/categories?post=148608"},{"taxonomy":"post_tag","embeddable":true,"href":"https:\/\/linitiative.ca\/International\/wp-json\/wp\/v2\/tags?post=148608"}],"curies":[{"name":"wp","href":"https:\/\/api.w.org\/{rel}","templated":true}]}}