{"id":148610,"date":"2022-05-25T16:13:00","date_gmt":"2022-05-25T20:13:00","guid":{"rendered":"https:\/\/linitiative.ca\/International\/nimes-ferhat-vide-son-sac-je-ne-lui-pardonnerai-jamais\/"},"modified":"2022-05-25T16:13:00","modified_gmt":"2022-05-25T20:13:00","slug":"nimes-ferhat-vide-son-sac-je-ne-lui-pardonnerai-jamais","status":"publish","type":"post","link":"https:\/\/linitiative.ca\/International\/nimes-ferhat-vide-son-sac-je-ne-lui-pardonnerai-jamais\/","title":{"rendered":"N\u00eemes &#8211; Ferhat vide son sac : \u00ab\u00a0Je ne lui pardonnerai jamais\u00a0\u00bb"},"content":{"rendered":"<div>Zinedine Ferhat (29 ans) termine une saison tr\u00e8s compliqu\u00e9e avec le N\u00eemes Olympique.<\/div>\n<p>Auteur:<br \/>\n<a href=\"https:\/\/www.lebuteur.com\/article\/detail?titre=nimes-ferhat-vide-son-sac-je-ne-lui-pardonnerai-jamais&#038;id=102934\">Cliquez ici pour lire l&rsquo;article depuis sa source.<\/a><\/p>\n","protected":false},"excerpt":{"rendered":"<p>Zinedine Ferhat (29 ans) termine une saison tr\u00e8s compliqu\u00e9e avec le N\u00eemes Olympique. Auteur: Cliquez ici pour lire l&rsquo;article depuis sa source.<\/p>\n","protected":false},"author":1738,"featured_media":0,"comment_status":"closed","ping_status":"closed","sticky":false,"template":"","format":"standard","meta":{"fifu_image_url":"","fifu_image_alt":"","footnotes":""},"categories":[53,75],"tags":[],"class_list":["post-148610","post","type-post","status-publish","format-standard","hentry","category-algerie","category-sport"],"_links":{"self":[{"href":"https:\/\/linitiative.ca\/International\/wp-json\/wp\/v2\/posts\/148610","targetHints":{"allow":["GET"]}}],"collection":[{"href":"https:\/\/linitiative.ca\/International\/wp-json\/wp\/v2\/posts"}],"about":[{"href":"https:\/\/linitiative.ca\/International\/wp-json\/wp\/v2\/types\/post"}],"author":[{"embeddable":true,"href":"https:\/\/linitiative.ca\/International\/wp-json\/wp\/v2\/users\/1738"}],"replies":[{"embeddable":true,"href":"https:\/\/linitiative.ca\/International\/wp-json\/wp\/v2\/comments?post=148610"}],"version-history":[{"count":0,"href":"https:\/\/linitiative.ca\/International\/wp-json\/wp\/v2\/posts\/148610\/revisions"}],"wp:attachment":[{"href":"https:\/\/linitiative.ca\/International\/wp-json\/wp\/v2\/media?parent=148610"}],"wp:term":[{"taxonomy":"category","embeddable":true,"href":"https:\/\/linitiative.ca\/International\/wp-json\/wp\/v2\/categories?post=148610"},{"taxonomy":"post_tag","embeddable":true,"href":"https:\/\/linitiative.ca\/International\/wp-json\/wp\/v2\/tags?post=148610"}],"curies":[{"name":"wp","href":"https:\/\/api.w.org\/{rel}","templated":true}]}}