{"id":148611,"date":"2022-05-25T16:15:00","date_gmt":"2022-05-25T20:15:00","guid":{"rendered":"https:\/\/linitiative.ca\/International\/real-ancelotti-repond-a-salah\/"},"modified":"2022-05-25T16:15:00","modified_gmt":"2022-05-25T20:15:00","slug":"real-ancelotti-repond-a-salah","status":"publish","type":"post","link":"https:\/\/linitiative.ca\/International\/real-ancelotti-repond-a-salah\/","title":{"rendered":"Real : Ancelotti r\u00e9pond \u00e0 Salah"},"content":{"rendered":"<div>Mohamed a fait r\u00e9agir du c\u00f4t\u00e9 du Real Madrid apr\u00e8s ses d\u00e9clarations&#8230;<\/div>\n<p>Auteur:<br \/>\n<a href=\"https:\/\/www.lebuteur.com\/article\/detail?titre=real-ancelotti-repond-a-salah&#038;id=102935\">Cliquez ici pour lire l&rsquo;article depuis sa source.<\/a><\/p>\n","protected":false},"excerpt":{"rendered":"<p>Mohamed a fait r\u00e9agir du c\u00f4t\u00e9 du Real Madrid apr\u00e8s ses d\u00e9clarations&#8230; Auteur: Cliquez ici pour lire l&rsquo;article depuis sa source.<\/p>\n","protected":false},"author":1738,"featured_media":0,"comment_status":"closed","ping_status":"closed","sticky":false,"template":"","format":"standard","meta":{"fifu_image_url":"","fifu_image_alt":"","footnotes":""},"categories":[53,75],"tags":[],"class_list":["post-148611","post","type-post","status-publish","format-standard","hentry","category-algerie","category-sport"],"_links":{"self":[{"href":"https:\/\/linitiative.ca\/International\/wp-json\/wp\/v2\/posts\/148611","targetHints":{"allow":["GET"]}}],"collection":[{"href":"https:\/\/linitiative.ca\/International\/wp-json\/wp\/v2\/posts"}],"about":[{"href":"https:\/\/linitiative.ca\/International\/wp-json\/wp\/v2\/types\/post"}],"author":[{"embeddable":true,"href":"https:\/\/linitiative.ca\/International\/wp-json\/wp\/v2\/users\/1738"}],"replies":[{"embeddable":true,"href":"https:\/\/linitiative.ca\/International\/wp-json\/wp\/v2\/comments?post=148611"}],"version-history":[{"count":0,"href":"https:\/\/linitiative.ca\/International\/wp-json\/wp\/v2\/posts\/148611\/revisions"}],"wp:attachment":[{"href":"https:\/\/linitiative.ca\/International\/wp-json\/wp\/v2\/media?parent=148611"}],"wp:term":[{"taxonomy":"category","embeddable":true,"href":"https:\/\/linitiative.ca\/International\/wp-json\/wp\/v2\/categories?post=148611"},{"taxonomy":"post_tag","embeddable":true,"href":"https:\/\/linitiative.ca\/International\/wp-json\/wp\/v2\/tags?post=148611"}],"curies":[{"name":"wp","href":"https:\/\/api.w.org\/{rel}","templated":true}]}}