{"id":148613,"date":"2022-05-26T12:05:00","date_gmt":"2022-05-26T16:05:00","guid":{"rendered":"https:\/\/linitiative.ca\/International\/mohamed-el-aziz-ben-achour-tourbet-el-bey\/"},"modified":"2022-05-26T12:05:00","modified_gmt":"2022-05-26T16:05:00","slug":"mohamed-el-aziz-ben-achour-tourbet-el-bey","status":"publish","type":"post","link":"https:\/\/linitiative.ca\/International\/mohamed-el-aziz-ben-achour-tourbet-el-bey\/","title":{"rendered":"Mohamed-El Aziz Ben Achour: Tourbet-el-Bey"},"content":{"rendered":"<div><img decoding=\"async\" src=\"https:\/\/linitiative.ca\/International\/wp-content\/uploads\/sites\/23\/2022\/05\/1653581054_article.jpg\" alt=\"Mohamed-El Aziz Ben Achour: Tourbet-el-Bey\" align=\"left\">L\u2019accession des beys husse\u00efnites au pouvoir en 1705 eut lieu dans un contexte agit\u00e9, marqu\u00e9 par une guerre avec Alger et une sourde hostilit\u00e9 entre les diff\u00e9rents pouvoirs politico-militaires locaux. De sorte que Husse\u00efn Bey puis ses successeurs, soucieux de se prot\u00e9ger contre une \u00e9ventuelle s\u00e9dition de la milice des janissaires dont les effectifs \u00e9taient log\u00e9s dans la m\u00e9dina, se gard\u00e8rent bien de r\u00e9sider \u00e0 Tunis m\u00eame mais, plus prudemment, dans la cit\u00e9 fortifi\u00e9e du Bardo, situ\u00e9e \u00e0 proximit\u00e9.<br \/>\nAu plan architectural, les symboles du pouvoir beylical \u00e9taient cependant tr\u00e8s pr\u00e9sents dans la capitale. Il y avait bien s\u00fbr l\u2019\u00e9dification de monuments religieux et &#8230;<\/p>\n<\/div>\n<p>Auteur:<br \/>\n<a href=\"https:\/\/www.leaders.com.tn\/article\/33392-mohamed-el-aziz-ben-achour-tourbet-el-bey\">Cliquez ici pour lire l&rsquo;article depuis sa source.<\/a><\/p>\n","protected":false},"excerpt":{"rendered":"<p>L\u2019accession des beys husse\u00efnites au pouvoir en 1705 eut lieu dans un contexte agit\u00e9, marqu\u00e9 par une guerre avec Alger et une sourde hostilit\u00e9 entre les diff\u00e9rents pouvoirs politico-militaires locaux. De sorte que Husse\u00efn Bey puis ses successeurs, soucieux de se prot\u00e9ger contre une \u00e9ventuelle s\u00e9dition de la milice des janissaires dont les effectifs \u00e9taient [&hellip;]<\/p>\n","protected":false},"author":1772,"featured_media":0,"comment_status":"closed","ping_status":"closed","sticky":false,"template":"","format":"standard","meta":{"fifu_image_url":"http:\/\/www.leaders.com.tn\/uploads\/content\/thumbnails_small\/1653581054_article.jpg","fifu_image_alt":"Mohamed-El Aziz Ben Achour: Tourbet-el-Bey","footnotes":""},"categories":[73,55],"tags":[],"class_list":["post-148613","post","type-post","status-publish","format-standard","hentry","category-actualite","category-tunisie"],"_links":{"self":[{"href":"https:\/\/linitiative.ca\/International\/wp-json\/wp\/v2\/posts\/148613","targetHints":{"allow":["GET"]}}],"collection":[{"href":"https:\/\/linitiative.ca\/International\/wp-json\/wp\/v2\/posts"}],"about":[{"href":"https:\/\/linitiative.ca\/International\/wp-json\/wp\/v2\/types\/post"}],"author":[{"embeddable":true,"href":"https:\/\/linitiative.ca\/International\/wp-json\/wp\/v2\/users\/1772"}],"replies":[{"embeddable":true,"href":"https:\/\/linitiative.ca\/International\/wp-json\/wp\/v2\/comments?post=148613"}],"version-history":[{"count":0,"href":"https:\/\/linitiative.ca\/International\/wp-json\/wp\/v2\/posts\/148613\/revisions"}],"wp:attachment":[{"href":"https:\/\/linitiative.ca\/International\/wp-json\/wp\/v2\/media?parent=148613"}],"wp:term":[{"taxonomy":"category","embeddable":true,"href":"https:\/\/linitiative.ca\/International\/wp-json\/wp\/v2\/categories?post=148613"},{"taxonomy":"post_tag","embeddable":true,"href":"https:\/\/linitiative.ca\/International\/wp-json\/wp\/v2\/tags?post=148613"}],"curies":[{"name":"wp","href":"https:\/\/api.w.org\/{rel}","templated":true}]}}