{"id":148615,"date":"2022-05-26T12:22:00","date_gmt":"2022-05-26T16:22:00","guid":{"rendered":"https:\/\/linitiative.ca\/International\/ubci-au-fita-2022-pour-accompagner-les-entreprises-dans-le-developpement-de-leurs-projets\/"},"modified":"2022-05-26T12:22:00","modified_gmt":"2022-05-26T16:22:00","slug":"ubci-au-fita-2022-pour-accompagner-les-entreprises-dans-le-developpement-de-leurs-projets","status":"publish","type":"post","link":"https:\/\/linitiative.ca\/International\/ubci-au-fita-2022-pour-accompagner-les-entreprises-dans-le-developpement-de-leurs-projets\/","title":{"rendered":"UBCI au FITA 2022 pour accompagner les entreprises dans le d\u00e9veloppement de leurs projets"},"content":{"rendered":"<div><img decoding=\"async\" src=\"https:\/\/linitiative.ca\/International\/wp-content\/uploads\/sites\/23\/2022\/05\/1653578556_article.jpg\" alt=\"UBCI au FITA 2022 pour accompagner les entreprises dans le d\u00e9veloppement de leurs projets\" align=\"left\">UBCI est Partenaire de la conf\u00e9rence internationale \u00abFinancing Investment and trade in Africa\u00bb organis\u00e9e par le TABC (Tunisia Africa Business Council), les 25 et le 26 Mai 2022 \u00e0 l\u2019H\u00f4tel LAICO sous le patronage du Pr\u00e9sident de la R\u00e9publique tunisienne.<br \/>\nCet \u00e9v\u00e8nement rassemble les acteurs impliqu\u00e9s dans les relations \u00e9conomiques et commerciales Tuniso-Africaines et a pour ambition de soutenir les entreprises Tunisiennes \u00e0 d\u00e9velopper leurs business sur le continent Africain.<br \/>\nA travers cette participation, l\u2019UBCI a l\u2019ambition d\u2019am\u00e9liorer son positionnement et sa contribution au financement de l\u2019\u00e9conomie tunisienne, en diversifiant son offre afin de mieux r\u00e9pondre &#8230;<\/p>\n<\/div>\n<p>Auteur:<br \/>\n<a href=\"https:\/\/www.leaders.com.tn\/article\/33393-ubci-au-fita-2022-pour-accompagner-les-entreprises-dans-le-developpement-de-leurs-projets\">Cliquez ici pour lire l&rsquo;article depuis sa source.<\/a><\/p>\n","protected":false},"excerpt":{"rendered":"<p>UBCI est Partenaire de la conf\u00e9rence internationale \u00abFinancing Investment and trade in Africa\u00bb organis\u00e9e par le TABC (Tunisia Africa Business Council), les 25 et le 26 Mai 2022 \u00e0 l\u2019H\u00f4tel LAICO sous le patronage du Pr\u00e9sident de la R\u00e9publique tunisienne. Cet \u00e9v\u00e8nement rassemble les acteurs impliqu\u00e9s dans les relations \u00e9conomiques et commerciales Tuniso-Africaines et a [&hellip;]<\/p>\n","protected":false},"author":1772,"featured_media":0,"comment_status":"closed","ping_status":"closed","sticky":false,"template":"","format":"standard","meta":{"fifu_image_url":"http:\/\/www.leaders.com.tn\/uploads\/content\/thumbnails_small\/1653578556_article.jpg","fifu_image_alt":"UBCI au FITA 2022 pour accompagner les entreprises dans le d\u00e9veloppement de leurs projets","footnotes":""},"categories":[73,55],"tags":[],"class_list":["post-148615","post","type-post","status-publish","format-standard","hentry","category-actualite","category-tunisie"],"_links":{"self":[{"href":"https:\/\/linitiative.ca\/International\/wp-json\/wp\/v2\/posts\/148615","targetHints":{"allow":["GET"]}}],"collection":[{"href":"https:\/\/linitiative.ca\/International\/wp-json\/wp\/v2\/posts"}],"about":[{"href":"https:\/\/linitiative.ca\/International\/wp-json\/wp\/v2\/types\/post"}],"author":[{"embeddable":true,"href":"https:\/\/linitiative.ca\/International\/wp-json\/wp\/v2\/users\/1772"}],"replies":[{"embeddable":true,"href":"https:\/\/linitiative.ca\/International\/wp-json\/wp\/v2\/comments?post=148615"}],"version-history":[{"count":0,"href":"https:\/\/linitiative.ca\/International\/wp-json\/wp\/v2\/posts\/148615\/revisions"}],"wp:attachment":[{"href":"https:\/\/linitiative.ca\/International\/wp-json\/wp\/v2\/media?parent=148615"}],"wp:term":[{"taxonomy":"category","embeddable":true,"href":"https:\/\/linitiative.ca\/International\/wp-json\/wp\/v2\/categories?post=148615"},{"taxonomy":"post_tag","embeddable":true,"href":"https:\/\/linitiative.ca\/International\/wp-json\/wp\/v2\/tags?post=148615"}],"curies":[{"name":"wp","href":"https:\/\/api.w.org\/{rel}","templated":true}]}}