{"id":148629,"date":"2022-05-26T14:13:07","date_gmt":"2022-05-26T18:13:07","guid":{"rendered":"https:\/\/linitiative.ca\/International\/ukraine-et-maintenant-par-jamal-berraoui\/"},"modified":"2022-05-26T14:13:07","modified_gmt":"2022-05-26T18:13:07","slug":"ukraine-et-maintenant-par-jamal-berraoui","status":"publish","type":"post","link":"https:\/\/linitiative.ca\/International\/ukraine-et-maintenant-par-jamal-berraoui\/","title":{"rendered":"Ukraine\u00a0: et maintenant\u00a0? [Par Jamal Berraoui]"},"content":{"rendered":"<div><img decoding=\"async\" width=\"547\" height=\"301\" src=\"https:\/\/linitiative.ca\/International\/wp-content\/uploads\/sites\/23\/2022\/05\/Guerre-en-Ukraine-547-x-301-1.jpg\" class=\"attachment-post-thumbnail size-post-thumbnail wp-post-image\" alt=\"\" loading=\"lazy\" srcset=\"https:\/\/linitiative.ca\/International\/wp-content\/uploads\/sites\/23\/2022\/05\/Guerre-en-Ukraine-547-x-301-1.jpg 547w, https:\/\/www.challenge.ma\/wp-content\/uploads\/2022\/05\/Guerre-en-Ukraine-547-x-301-300x165.jpg 300w, https:\/\/www.challenge.ma\/wp-content\/uploads\/2022\/05\/Guerre-en-Ukraine-547-x-301-360x198.jpg 360w\" sizes=\"auto, (max-width: 547px) 100vw, 547px\" itemprop=\"image\">L\u2019on sait depuis toujours, que les premi\u00e8res victimes de la guerre sont les civiles et la v\u00e9rit\u00e9. Les images relay\u00e9es par les chaines de t\u00e9l\u00e9vision sont insoutenables. Mais il faut pr\u00e9ciser que les m\u00e9dias internationaux sont mono-source, totalement align\u00e9s sur les positions ukrainiennes et que la propagande est omni pr\u00e9sente.<\/div>\n<p>Auteur: Jamal Berraoui<br \/>\n<a href=\"https:\/\/www.challenge.ma\/ukraine-et-maintenant-par-jamal-berraoui-239412\/\">Cliquez ici pour lire l&rsquo;article depuis sa source.<\/a><\/p>\n","protected":false},"excerpt":{"rendered":"<p>L\u2019on sait depuis toujours, que les premi\u00e8res victimes de la guerre sont les civiles et la v\u00e9rit\u00e9. Les images relay\u00e9es par les chaines de t\u00e9l\u00e9vision sont insoutenables. Mais il faut pr\u00e9ciser que les m\u00e9dias internationaux sont mono-source, totalement align\u00e9s sur les positions ukrainiennes et que la propagande est omni pr\u00e9sente. Auteur: Jamal Berraoui Cliquez ici [&hellip;]<\/p>\n","protected":false},"author":1787,"featured_media":0,"comment_status":"closed","ping_status":"closed","sticky":false,"template":"","format":"standard","meta":{"fifu_image_url":"https:\/\/www.challenge.ma\/wp-content\/uploads\/2022\/05\/Guerre-en-Ukraine-547-x-301.jpg","fifu_image_alt":"Ukraine\u00a0: et maintenant\u00a0? [Par Jamal Berraoui]","footnotes":""},"categories":[78,54],"tags":[],"class_list":["post-148629","post","type-post","status-publish","format-standard","hentry","category-economie","category-maroc"],"_links":{"self":[{"href":"https:\/\/linitiative.ca\/International\/wp-json\/wp\/v2\/posts\/148629","targetHints":{"allow":["GET"]}}],"collection":[{"href":"https:\/\/linitiative.ca\/International\/wp-json\/wp\/v2\/posts"}],"about":[{"href":"https:\/\/linitiative.ca\/International\/wp-json\/wp\/v2\/types\/post"}],"author":[{"embeddable":true,"href":"https:\/\/linitiative.ca\/International\/wp-json\/wp\/v2\/users\/1787"}],"replies":[{"embeddable":true,"href":"https:\/\/linitiative.ca\/International\/wp-json\/wp\/v2\/comments?post=148629"}],"version-history":[{"count":0,"href":"https:\/\/linitiative.ca\/International\/wp-json\/wp\/v2\/posts\/148629\/revisions"}],"wp:attachment":[{"href":"https:\/\/linitiative.ca\/International\/wp-json\/wp\/v2\/media?parent=148629"}],"wp:term":[{"taxonomy":"category","embeddable":true,"href":"https:\/\/linitiative.ca\/International\/wp-json\/wp\/v2\/categories?post=148629"},{"taxonomy":"post_tag","embeddable":true,"href":"https:\/\/linitiative.ca\/International\/wp-json\/wp\/v2\/tags?post=148629"}],"curies":[{"name":"wp","href":"https:\/\/api.w.org\/{rel}","templated":true}]}}