{"id":148631,"date":"2022-05-26T16:46:48","date_gmt":"2022-05-26T20:46:48","guid":{"rendered":"https:\/\/linitiative.ca\/International\/filiere-eolienne-au-maroc-loperating-maintenance-om-toujours-accapare-par-les-acteurs-etrangers\/"},"modified":"2022-05-26T16:46:48","modified_gmt":"2022-05-26T20:46:48","slug":"filiere-eolienne-au-maroc-loperating-maintenance-om-toujours-accapare-par-les-acteurs-etrangers","status":"publish","type":"post","link":"https:\/\/linitiative.ca\/International\/filiere-eolienne-au-maroc-loperating-maintenance-om-toujours-accapare-par-les-acteurs-etrangers\/","title":{"rendered":"Fili\u00e8re \u00e9olienne au Maroc : l\u2019Operating &amp; Maintenance (O&amp;M) toujours accapar\u00e9 par les acteurs \u00e9trangers"},"content":{"rendered":"<div><img decoding=\"async\" width=\"709\" height=\"361\" src=\"https:\/\/linitiative.ca\/International\/wp-content\/uploads\/sites\/23\/2022\/05\/Eoliennes-Energie.jpg\" class=\"attachment-post-thumbnail size-post-thumbnail wp-post-image\" alt=\"\" loading=\"lazy\" srcset=\"https:\/\/linitiative.ca\/International\/wp-content\/uploads\/sites\/23\/2022\/05\/Eoliennes-Energie.jpg 709w, https:\/\/www.challenge.ma\/wp-content\/uploads\/2021\/12\/Eoliennes-Energie-300x153.jpg 300w, https:\/\/www.challenge.ma\/wp-content\/uploads\/2021\/12\/Eoliennes-Energie-360x183.jpg 360w\" sizes=\"auto, (max-width: 709px) 100vw, 709px\" itemprop=\"image\">Alors que le Maroc cherche \u00e0 d\u00e9velopper une fili\u00e8re int\u00e9gr\u00e9e en \u00e9nergie \u00e9olienne, un maillon important manque toujours au dispositif. Si les accords d\u2019offset industriel ont permis \u00e0 notre pays de s\u2019\u00e9riger en fabricant de pales d\u2019\u00e9oliennes (gr\u00e2ce \u00e0 un partenariat industriel avec le groupe Siemens), toute la maintenance des<\/div>\n<p>Auteur: Adama Sylla<br \/>\n<a href=\"https:\/\/www.challenge.ma\/filiere-eolienne-au-maroc-loperating-maintenance-om-toujours-accapare-par-les-acteurs-etrangers-239083\/\">Cliquez ici pour lire l&rsquo;article depuis sa source.<\/a><\/p>\n","protected":false},"excerpt":{"rendered":"<p>Alors que le Maroc cherche \u00e0 d\u00e9velopper une fili\u00e8re int\u00e9gr\u00e9e en \u00e9nergie \u00e9olienne, un maillon important manque toujours au dispositif. Si les accords d\u2019offset industriel ont permis \u00e0 notre pays de s\u2019\u00e9riger en fabricant de pales d\u2019\u00e9oliennes (gr\u00e2ce \u00e0 un partenariat industriel avec le groupe Siemens), toute la maintenance des Auteur: Adama Sylla Cliquez ici [&hellip;]<\/p>\n","protected":false},"author":1787,"featured_media":0,"comment_status":"closed","ping_status":"closed","sticky":false,"template":"","format":"standard","meta":{"fifu_image_url":"https:\/\/www.challenge.ma\/wp-content\/uploads\/2021\/12\/Eoliennes-Energie.jpg","fifu_image_alt":"<div>Fili\u00e8re \u00e9olienne au Maroc : l\u2019Operating & Maintenance (O&M) toujours accapar\u00e9 par les acteurs \u00e9trangers<\/div>","footnotes":""},"categories":[78,54],"tags":[],"class_list":["post-148631","post","type-post","status-publish","format-standard","hentry","category-economie","category-maroc"],"_links":{"self":[{"href":"https:\/\/linitiative.ca\/International\/wp-json\/wp\/v2\/posts\/148631","targetHints":{"allow":["GET"]}}],"collection":[{"href":"https:\/\/linitiative.ca\/International\/wp-json\/wp\/v2\/posts"}],"about":[{"href":"https:\/\/linitiative.ca\/International\/wp-json\/wp\/v2\/types\/post"}],"author":[{"embeddable":true,"href":"https:\/\/linitiative.ca\/International\/wp-json\/wp\/v2\/users\/1787"}],"replies":[{"embeddable":true,"href":"https:\/\/linitiative.ca\/International\/wp-json\/wp\/v2\/comments?post=148631"}],"version-history":[{"count":0,"href":"https:\/\/linitiative.ca\/International\/wp-json\/wp\/v2\/posts\/148631\/revisions"}],"wp:attachment":[{"href":"https:\/\/linitiative.ca\/International\/wp-json\/wp\/v2\/media?parent=148631"}],"wp:term":[{"taxonomy":"category","embeddable":true,"href":"https:\/\/linitiative.ca\/International\/wp-json\/wp\/v2\/categories?post=148631"},{"taxonomy":"post_tag","embeddable":true,"href":"https:\/\/linitiative.ca\/International\/wp-json\/wp\/v2\/tags?post=148631"}],"curies":[{"name":"wp","href":"https:\/\/api.w.org\/{rel}","templated":true}]}}