{"id":148634,"date":"2022-05-26T16:57:15","date_gmt":"2022-05-26T20:57:15","guid":{"rendered":"https:\/\/linitiative.ca\/International\/tunisie-ennahdha-accuse-le-pouvoir-de-normalisation-avec-letat-sioniste\/"},"modified":"2022-05-26T16:57:15","modified_gmt":"2022-05-26T20:57:15","slug":"tunisie-ennahdha-accuse-le-pouvoir-de-normalisation-avec-letat-sioniste","status":"publish","type":"post","link":"https:\/\/linitiative.ca\/International\/tunisie-ennahdha-accuse-le-pouvoir-de-normalisation-avec-letat-sioniste\/","title":{"rendered":"Tunisie \u2013 Ennahdha accuse le pouvoir de normalisation avec l\u2019Etat sioniste"},"content":{"rendered":"<div>\n<p>Le bureau ex\u00e9cutif du parti islamiste d\u2019Ennahdha a publi\u00e9 un communiqu\u00e9, ce jeudi, pour critiquer le gouvernement et le pr\u00e9sident de la R\u00e9publique, qu\u2019ils qualifient de putschistes. Entre autres critiques, Ennahdha accuse le pouvoir en place de tenter de normaliser avec l\u2019Etat sioniste, sous le pr\u00e9texte de la c\u00e9l\u00e9bration du p\u00e8lerinage juif d\u2019Al Ghriba.<\/p>\n<p>L\u2019article <a href=\"https:\/\/www.tunisienumerique.com\/tunisie-ennahdha-accuse-le-pouvoir-de-normalisation-avec-letat-sioniste\/\">Tunisie \u2013 Ennahdha accuse le pouvoir de normalisation avec l\u2019Etat sioniste<\/a> est apparu en premier sur <a href=\"https:\/\/www.tunisienumerique.com\/\">Tunisie<\/a>.<\/p>\n<\/div>\n<p>Auteur: LM<br \/>\n<a href=\"https:\/\/www.tunisienumerique.com\/tunisie-ennahdha-accuse-le-pouvoir-de-normalisation-avec-letat-sioniste\/\">Cliquez ici pour lire l&rsquo;article depuis sa source.<\/a><\/p>\n","protected":false},"excerpt":{"rendered":"<p>Le bureau ex\u00e9cutif du parti islamiste d\u2019Ennahdha a publi\u00e9 un communiqu\u00e9, ce jeudi, pour critiquer le gouvernement et le pr\u00e9sident de la R\u00e9publique, qu\u2019ils qualifient de putschistes. Entre autres critiques, Ennahdha accuse le pouvoir en place de tenter de normaliser avec l\u2019Etat sioniste, sous le pr\u00e9texte de la c\u00e9l\u00e9bration du p\u00e8lerinage juif d\u2019Al Ghriba. L\u2019article [&hellip;]<\/p>\n","protected":false},"author":1789,"featured_media":0,"comment_status":"closed","ping_status":"closed","sticky":false,"template":"","format":"standard","meta":{"fifu_image_url":"","fifu_image_alt":"","footnotes":""},"categories":[73,55],"tags":[],"class_list":["post-148634","post","type-post","status-publish","format-standard","hentry","category-actualite","category-tunisie"],"_links":{"self":[{"href":"https:\/\/linitiative.ca\/International\/wp-json\/wp\/v2\/posts\/148634","targetHints":{"allow":["GET"]}}],"collection":[{"href":"https:\/\/linitiative.ca\/International\/wp-json\/wp\/v2\/posts"}],"about":[{"href":"https:\/\/linitiative.ca\/International\/wp-json\/wp\/v2\/types\/post"}],"author":[{"embeddable":true,"href":"https:\/\/linitiative.ca\/International\/wp-json\/wp\/v2\/users\/1789"}],"replies":[{"embeddable":true,"href":"https:\/\/linitiative.ca\/International\/wp-json\/wp\/v2\/comments?post=148634"}],"version-history":[{"count":0,"href":"https:\/\/linitiative.ca\/International\/wp-json\/wp\/v2\/posts\/148634\/revisions"}],"wp:attachment":[{"href":"https:\/\/linitiative.ca\/International\/wp-json\/wp\/v2\/media?parent=148634"}],"wp:term":[{"taxonomy":"category","embeddable":true,"href":"https:\/\/linitiative.ca\/International\/wp-json\/wp\/v2\/categories?post=148634"},{"taxonomy":"post_tag","embeddable":true,"href":"https:\/\/linitiative.ca\/International\/wp-json\/wp\/v2\/tags?post=148634"}],"curies":[{"name":"wp","href":"https:\/\/api.w.org\/{rel}","templated":true}]}}