{"id":148635,"date":"2022-05-26T17:00:28","date_gmt":"2022-05-26T21:00:28","guid":{"rendered":"https:\/\/linitiative.ca\/International\/tunisie-video-hammamet-accueille-le-congres-afro-asiatique-pour-les-enfants-autistes-du-27-au-29-mai\/"},"modified":"2022-05-26T17:00:28","modified_gmt":"2022-05-26T21:00:28","slug":"tunisie-video-hammamet-accueille-le-congres-afro-asiatique-pour-les-enfants-autistes-du-27-au-29-mai","status":"publish","type":"post","link":"https:\/\/linitiative.ca\/International\/tunisie-video-hammamet-accueille-le-congres-afro-asiatique-pour-les-enfants-autistes-du-27-au-29-mai\/","title":{"rendered":"Tunisie [VIDEO] : Hammamet accueille le Congr\u00e8s afro-asiatique pour les enfants autistes du 27 au 29 mai"},"content":{"rendered":"<div>\n<p>La Conf\u00e9rence afro-asiatique pour les enfants autistes, organis\u00e9e par l\u2019Union africaine pour Promouvoir la Culture des Droits de l\u2019Enfant, se tiendra du 27 au 29 mai \u00e0 Hammamet, selon la psychologue et vice-pr\u00e9sidente de la conf\u00e9rence, Dr. Ghada Saadaoui Mimouni. Les interventions scientifiques de cette conf\u00e9rence, qui seront pr\u00e9sent\u00e9es par des m\u00e9decins et des psychiatres [\u2026]<\/p>\n<p>L\u2019article <a href=\"https:\/\/www.tunisienumerique.com\/tunisie-video-hammamet-accueille-le-congres-afro-asiatique-pour-les-enfants-autistes-du-27-au-29-mai\/\">Tunisie [VIDEO] : Hammamet accueille le Congr\u00e8s afro-asiatique pour les enfants autistes du 27 au 29 mai<\/a> est apparu en premier sur <a href=\"https:\/\/www.tunisienumerique.com\/\">Tunisie<\/a>.<\/p>\n<\/div>\n<p>Auteur: rania ben slimane<br \/>\n<a href=\"https:\/\/www.tunisienumerique.com\/tunisie-video-hammamet-accueille-le-congres-afro-asiatique-pour-les-enfants-autistes-du-27-au-29-mai\/\">Cliquez ici pour lire l&rsquo;article depuis sa source.<\/a><\/p>\n","protected":false},"excerpt":{"rendered":"<p>La Conf\u00e9rence afro-asiatique pour les enfants autistes, organis\u00e9e par l\u2019Union africaine pour Promouvoir la Culture des Droits de l\u2019Enfant, se tiendra du 27 au 29 mai \u00e0 Hammamet, selon la psychologue et vice-pr\u00e9sidente de la conf\u00e9rence, Dr. Ghada Saadaoui Mimouni. Les interventions scientifiques de cette conf\u00e9rence, qui seront pr\u00e9sent\u00e9es par des m\u00e9decins et des psychiatres [&hellip;]<\/p>\n","protected":false},"author":1789,"featured_media":0,"comment_status":"closed","ping_status":"closed","sticky":false,"template":"","format":"standard","meta":{"fifu_image_url":"","fifu_image_alt":"","footnotes":""},"categories":[73,55],"tags":[],"class_list":["post-148635","post","type-post","status-publish","format-standard","hentry","category-actualite","category-tunisie"],"_links":{"self":[{"href":"https:\/\/linitiative.ca\/International\/wp-json\/wp\/v2\/posts\/148635","targetHints":{"allow":["GET"]}}],"collection":[{"href":"https:\/\/linitiative.ca\/International\/wp-json\/wp\/v2\/posts"}],"about":[{"href":"https:\/\/linitiative.ca\/International\/wp-json\/wp\/v2\/types\/post"}],"author":[{"embeddable":true,"href":"https:\/\/linitiative.ca\/International\/wp-json\/wp\/v2\/users\/1789"}],"replies":[{"embeddable":true,"href":"https:\/\/linitiative.ca\/International\/wp-json\/wp\/v2\/comments?post=148635"}],"version-history":[{"count":0,"href":"https:\/\/linitiative.ca\/International\/wp-json\/wp\/v2\/posts\/148635\/revisions"}],"wp:attachment":[{"href":"https:\/\/linitiative.ca\/International\/wp-json\/wp\/v2\/media?parent=148635"}],"wp:term":[{"taxonomy":"category","embeddable":true,"href":"https:\/\/linitiative.ca\/International\/wp-json\/wp\/v2\/categories?post=148635"},{"taxonomy":"post_tag","embeddable":true,"href":"https:\/\/linitiative.ca\/International\/wp-json\/wp\/v2\/tags?post=148635"}],"curies":[{"name":"wp","href":"https:\/\/api.w.org\/{rel}","templated":true}]}}