{"id":148642,"date":"2022-05-26T15:43:07","date_gmt":"2022-05-26T19:43:07","guid":{"rendered":"https:\/\/linitiative.ca\/International\/incendie-meurtirier-dans-un-centre-sanitaire-au-senegal-lemotion-en-attendant-le-prochain-sinistre\/"},"modified":"2022-05-26T15:43:07","modified_gmt":"2022-05-26T19:43:07","slug":"incendie-meurtirier-dans-un-centre-sanitaire-au-senegal-lemotion-en-attendant-le-prochain-sinistre","status":"publish","type":"post","link":"https:\/\/linitiative.ca\/International\/incendie-meurtirier-dans-un-centre-sanitaire-au-senegal-lemotion-en-attendant-le-prochain-sinistre\/","title":{"rendered":"INCENDIE MEURTIRIER DANS UN CENTRE SANITAIRE AU SENEGAL  \u00a0 : L\u2019\u00e9motion, en attendant le prochain sinistre\u2026"},"content":{"rendered":"<div>\n<p><img decoding=\"async\" width=\"780\" height=\"440\" src=\"https:\/\/linitiative.ca\/International\/wp-content\/uploads\/sites\/23\/2022\/05\/senegal.png\" class=\"attachment- size- wp-post-image\" alt=\"\" loading=\"lazy\" style=\"float:left; margin:0 15px 15px 0;\" srcset=\"https:\/\/linitiative.ca\/International\/wp-content\/uploads\/sites\/23\/2022\/05\/senegal.png 780w, https:\/\/lepays.bf\/wp-content\/uploads\/2022\/05\/senegal-300x169.png 300w, https:\/\/lepays.bf\/wp-content\/uploads\/2022\/05\/senegal-150x85.png 150w, https:\/\/lepays.bf\/wp-content\/uploads\/2022\/05\/senegal-768x433.png 768w\" sizes=\"auto, (max-width: 780px) 100vw, 780px\">Le sort s\u2019acharne-t-il sur le S\u00e9n\u00e9gal\u00a0? C\u2019est la question que l\u2019on ne peut s\u2019emp\u00eacher de se poser au regard des \u00e9v\u00e8nements malheureux qui se succ\u00e8dent dans ce pays. En effet, le 15 avril dernier, une jeune dame enceinte de 9 mois, donc \u00e0 terme, a [\u2026]<\/p>\n<p>L\u2019article <a rel=\"nofollow\" href=\"https:\/\/lepays.bf\/incendie-meurtirier-dans-un-centre-sanitaire-au-senegal-lemotion-en-attendant-le-prochain-sinistre\/\">INCENDIE MEURTIRIER DANS UN CENTRE SANITAIRE AU SENEGAL  \u00a0 : L\u2019\u00e9motion, en attendant le prochain sinistre\u2026<\/a> est apparu en premier sur <a rel=\"nofollow\" href=\"https:\/\/lepays.bf\/\">Editions Le Pays<\/a>.<\/p>\n<\/div>\n<p>Auteur: Editions LEPAYS<br \/>\n<a href=\"https:\/\/lepays.bf\/incendie-meurtirier-dans-un-centre-sanitaire-au-senegal-lemotion-en-attendant-le-prochain-sinistre\/\">Cliquez ici pour lire l&rsquo;article depuis sa source.<\/a><\/p>\n","protected":false},"excerpt":{"rendered":"<p>Le sort s\u2019acharne-t-il sur le S\u00e9n\u00e9gal\u00a0? C\u2019est la question que l\u2019on ne peut s\u2019emp\u00eacher de se poser au regard des \u00e9v\u00e8nements malheureux qui se succ\u00e8dent dans ce pays. En effet, le 15 avril dernier, une jeune dame enceinte de 9 mois, donc \u00e0 terme, a [\u2026] L\u2019article INCENDIE MEURTIRIER DANS UN CENTRE SANITAIRE AU SENEGAL [&hellip;]<\/p>\n","protected":false},"author":1813,"featured_media":0,"comment_status":"closed","ping_status":"closed","sticky":false,"template":"","format":"standard","meta":{"fifu_image_url":"https:\/\/lepays.bf\/wp-content\/uploads\/2022\/05\/senegal.png","fifu_image_alt":"INCENDIE MEURTIRIER DANS UN CENTRE SANITAIRE AU SENEGAL  \u00a0 : L\u2019\u00e9motion, en attendant le prochain sinistre\u2026","footnotes":""},"categories":[73,81],"tags":[],"class_list":["post-148642","post","type-post","status-publish","format-standard","hentry","category-actualite","category-burkina-faso"],"_links":{"self":[{"href":"https:\/\/linitiative.ca\/International\/wp-json\/wp\/v2\/posts\/148642","targetHints":{"allow":["GET"]}}],"collection":[{"href":"https:\/\/linitiative.ca\/International\/wp-json\/wp\/v2\/posts"}],"about":[{"href":"https:\/\/linitiative.ca\/International\/wp-json\/wp\/v2\/types\/post"}],"author":[{"embeddable":true,"href":"https:\/\/linitiative.ca\/International\/wp-json\/wp\/v2\/users\/1813"}],"replies":[{"embeddable":true,"href":"https:\/\/linitiative.ca\/International\/wp-json\/wp\/v2\/comments?post=148642"}],"version-history":[{"count":0,"href":"https:\/\/linitiative.ca\/International\/wp-json\/wp\/v2\/posts\/148642\/revisions"}],"wp:attachment":[{"href":"https:\/\/linitiative.ca\/International\/wp-json\/wp\/v2\/media?parent=148642"}],"wp:term":[{"taxonomy":"category","embeddable":true,"href":"https:\/\/linitiative.ca\/International\/wp-json\/wp\/v2\/categories?post=148642"},{"taxonomy":"post_tag","embeddable":true,"href":"https:\/\/linitiative.ca\/International\/wp-json\/wp\/v2\/tags?post=148642"}],"curies":[{"name":"wp","href":"https:\/\/api.w.org\/{rel}","templated":true}]}}