{"id":148644,"date":"2022-05-26T15:48:28","date_gmt":"2022-05-26T19:48:28","guid":{"rendered":"https:\/\/linitiative.ca\/International\/crise-securitaire-au-burkina-il-y-a-peril-en-la-demeure\/"},"modified":"2022-05-26T15:48:28","modified_gmt":"2022-05-26T19:48:28","slug":"crise-securitaire-au-burkina-il-y-a-peril-en-la-demeure","status":"publish","type":"post","link":"https:\/\/linitiative.ca\/International\/crise-securitaire-au-burkina-il-y-a-peril-en-la-demeure\/","title":{"rendered":"CRISE SECURITAIRE AU BURKINA : Il y a p\u00e9ril en la demeure"},"content":{"rendered":"<div>\n<p><img decoding=\"async\" width=\"300\" height=\"168\" src=\"https:\/\/linitiative.ca\/International\/wp-content\/uploads\/sites\/23\/2022\/05\/bf-1.jpg\" class=\"attachment- size- wp-post-image\" alt=\"\" loading=\"lazy\" style=\"float:left; margin:0 15px 15px 0;\" srcset=\"https:\/\/linitiative.ca\/International\/wp-content\/uploads\/sites\/23\/2022\/05\/bf-1.jpg 300w, https:\/\/lepays.bf\/wp-content\/uploads\/2022\/05\/bf-1-150x84.jpg 150w\" sizes=\"auto, (max-width: 300px) 100vw, 300px\">L\u2019av\u00e8nement au pouvoir, le 24 janvier 2022, du Mouvement patriotique pour la sauvegarde et la restauration (MPSR) a \u00e9t\u00e9, dans l\u2019ensemble, favorablement accueilli par la population. Et pour cause : les populations \u00e9taient fatigu\u00e9es des exactions des terroristes. L\u2019arriv\u00e9e des militaires a ainsi \u00e9t\u00e9 per\u00e7ue [\u2026]<\/p>\n<p>L\u2019article <a rel=\"nofollow\" href=\"https:\/\/lepays.bf\/crise-securitaire-au-burkina-il-y-a-peril-en-la-demeure-2\/\">CRISE SECURITAIRE AU BURKINA : Il y a p\u00e9ril en la demeure<\/a> est apparu en premier sur <a rel=\"nofollow\" href=\"https:\/\/lepays.bf\/\">Editions Le Pays<\/a>.<\/p>\n<\/div>\n<p>Auteur: Editions LEPAYS<br \/>\n<a href=\"https:\/\/lepays.bf\/crise-securitaire-au-burkina-il-y-a-peril-en-la-demeure-2\/\">Cliquez ici pour lire l&rsquo;article depuis sa source.<\/a><\/p>\n","protected":false},"excerpt":{"rendered":"<p>L\u2019av\u00e8nement au pouvoir, le 24 janvier 2022, du Mouvement patriotique pour la sauvegarde et la restauration (MPSR) a \u00e9t\u00e9, dans l\u2019ensemble, favorablement accueilli par la population. Et pour cause : les populations \u00e9taient fatigu\u00e9es des exactions des terroristes. L\u2019arriv\u00e9e des militaires a ainsi \u00e9t\u00e9 per\u00e7ue [\u2026] L\u2019article CRISE SECURITAIRE AU BURKINA : Il y a [&hellip;]<\/p>\n","protected":false},"author":1813,"featured_media":0,"comment_status":"closed","ping_status":"closed","sticky":false,"template":"","format":"standard","meta":{"fifu_image_url":"https:\/\/lepays.bf\/wp-content\/uploads\/2022\/05\/bf-1.jpg","fifu_image_alt":"CRISE SECURITAIRE AU BURKINA : Il y a p\u00e9ril en la demeure","footnotes":""},"categories":[73,81],"tags":[],"class_list":["post-148644","post","type-post","status-publish","format-standard","hentry","category-actualite","category-burkina-faso"],"_links":{"self":[{"href":"https:\/\/linitiative.ca\/International\/wp-json\/wp\/v2\/posts\/148644","targetHints":{"allow":["GET"]}}],"collection":[{"href":"https:\/\/linitiative.ca\/International\/wp-json\/wp\/v2\/posts"}],"about":[{"href":"https:\/\/linitiative.ca\/International\/wp-json\/wp\/v2\/types\/post"}],"author":[{"embeddable":true,"href":"https:\/\/linitiative.ca\/International\/wp-json\/wp\/v2\/users\/1813"}],"replies":[{"embeddable":true,"href":"https:\/\/linitiative.ca\/International\/wp-json\/wp\/v2\/comments?post=148644"}],"version-history":[{"count":0,"href":"https:\/\/linitiative.ca\/International\/wp-json\/wp\/v2\/posts\/148644\/revisions"}],"wp:attachment":[{"href":"https:\/\/linitiative.ca\/International\/wp-json\/wp\/v2\/media?parent=148644"}],"wp:term":[{"taxonomy":"category","embeddable":true,"href":"https:\/\/linitiative.ca\/International\/wp-json\/wp\/v2\/categories?post=148644"},{"taxonomy":"post_tag","embeddable":true,"href":"https:\/\/linitiative.ca\/International\/wp-json\/wp\/v2\/tags?post=148644"}],"curies":[{"name":"wp","href":"https:\/\/api.w.org\/{rel}","templated":true}]}}