{"id":148646,"date":"2022-05-26T15:53:49","date_gmt":"2022-05-26T19:53:49","guid":{"rendered":"https:\/\/linitiative.ca\/International\/gambie-barrow-trainera-t-il-vraiment-jammeh-devant-les-barreaux\/"},"modified":"2022-05-26T15:53:49","modified_gmt":"2022-05-26T19:53:49","slug":"gambie-barrow-trainera-t-il-vraiment-jammeh-devant-les-barreaux","status":"publish","type":"post","link":"https:\/\/linitiative.ca\/International\/gambie-barrow-trainera-t-il-vraiment-jammeh-devant-les-barreaux\/","title":{"rendered":"GAMBIE  \u00a0: Barrow trainera-t-il vraiment Jammeh devant les barreaux\u00a0?"},"content":{"rendered":"<div>\n<p><img loading=\"lazy\" decoding=\"async\" width=\"592\" height=\"296\" src=\"https:\/\/linitiative.ca\/International\/wp-content\/uploads\/sites\/23\/2022\/05\/gambie.jpg\" class=\"attachment- size- wp-post-image\" alt=\"\" style=\"float:left; margin:0 15px 15px 0;\" srcset=\"https:\/\/linitiative.ca\/International\/wp-content\/uploads\/sites\/23\/2022\/05\/gambie.jpg 592w, https:\/\/lepays.bf\/wp-content\/uploads\/2022\/05\/gambie-300x150.jpg 300w, https:\/\/lepays.bf\/wp-content\/uploads\/2022\/05\/gambie-150x75.jpg 150w\" sizes=\"auto, (max-width: 592px) 100vw, 592px\">Rien\u00a0 que l\u2019\u00e9vocation de son nom suffisait pour susciter la frayeur au sein des populations gambiennes en g\u00e9n\u00e9ral et au sein des opposants en particulier, tant il a r\u00e9gn\u00e9 en v\u00e9ritable despote sur le pays, et cela pendant 22 ans. Si c\u2019\u00e9tait un quizz, personne [\u2026]<\/p>\n<p>L\u2019article <a rel=\"nofollow\" href=\"https:\/\/lepays.bf\/gambie-barrow-trainera-t-il-vraiment-jammeh-devant-les-barreaux\/\">GAMBIE  \u00a0: Barrow trainera-t-il vraiment Jammeh devant les barreaux\u00a0?<\/a> est apparu en premier sur <a rel=\"nofollow\" href=\"https:\/\/lepays.bf\/\">Editions Le Pays<\/a>.<\/p>\n<\/div>\n<p>Auteur: Editions LEPAYS<br \/>\n<a href=\"https:\/\/lepays.bf\/gambie-barrow-trainera-t-il-vraiment-jammeh-devant-les-barreaux\/\">Cliquez ici pour lire l&rsquo;article depuis sa source.<\/a><\/p>\n","protected":false},"excerpt":{"rendered":"<p>Rien\u00a0 que l\u2019\u00e9vocation de son nom suffisait pour susciter la frayeur au sein des populations gambiennes en g\u00e9n\u00e9ral et au sein des opposants en particulier, tant il a r\u00e9gn\u00e9 en v\u00e9ritable despote sur le pays, et cela pendant 22 ans. Si c\u2019\u00e9tait un quizz, personne [\u2026] L\u2019article GAMBIE \u00a0: Barrow trainera-t-il vraiment Jammeh devant les [&hellip;]<\/p>\n","protected":false},"author":1813,"featured_media":0,"comment_status":"closed","ping_status":"closed","sticky":false,"template":"","format":"standard","meta":{"fifu_image_url":"https:\/\/lepays.bf\/wp-content\/uploads\/2022\/05\/gambie.jpg","fifu_image_alt":"GAMBIE  \u00a0: Barrow trainera-t-il vraiment Jammeh devant les barreaux\u00a0?","footnotes":""},"categories":[73,81],"tags":[],"class_list":["post-148646","post","type-post","status-publish","format-standard","hentry","category-actualite","category-burkina-faso"],"_links":{"self":[{"href":"https:\/\/linitiative.ca\/International\/wp-json\/wp\/v2\/posts\/148646","targetHints":{"allow":["GET"]}}],"collection":[{"href":"https:\/\/linitiative.ca\/International\/wp-json\/wp\/v2\/posts"}],"about":[{"href":"https:\/\/linitiative.ca\/International\/wp-json\/wp\/v2\/types\/post"}],"author":[{"embeddable":true,"href":"https:\/\/linitiative.ca\/International\/wp-json\/wp\/v2\/users\/1813"}],"replies":[{"embeddable":true,"href":"https:\/\/linitiative.ca\/International\/wp-json\/wp\/v2\/comments?post=148646"}],"version-history":[{"count":0,"href":"https:\/\/linitiative.ca\/International\/wp-json\/wp\/v2\/posts\/148646\/revisions"}],"wp:attachment":[{"href":"https:\/\/linitiative.ca\/International\/wp-json\/wp\/v2\/media?parent=148646"}],"wp:term":[{"taxonomy":"category","embeddable":true,"href":"https:\/\/linitiative.ca\/International\/wp-json\/wp\/v2\/categories?post=148646"},{"taxonomy":"post_tag","embeddable":true,"href":"https:\/\/linitiative.ca\/International\/wp-json\/wp\/v2\/tags?post=148646"}],"curies":[{"name":"wp","href":"https:\/\/api.w.org\/{rel}","templated":true}]}}