{"id":148648,"date":"2022-05-26T07:58:30","date_gmt":"2022-05-26T11:58:30","guid":{"rendered":"https:\/\/linitiative.ca\/International\/gambie-lancien-president-yahya-jammeh-bientot-devant-la-justice-selon-le-gouvernement\/"},"modified":"2022-05-26T07:58:30","modified_gmt":"2022-05-26T11:58:30","slug":"gambie-lancien-president-yahya-jammeh-bientot-devant-la-justice-selon-le-gouvernement","status":"publish","type":"post","link":"https:\/\/linitiative.ca\/International\/gambie-lancien-president-yahya-jammeh-bientot-devant-la-justice-selon-le-gouvernement\/","title":{"rendered":"Gambie\u00a0: l\u2019ancien pr\u00e9sident Yahya Jammeh bient\u00f4t devant la justice selon le gouvernement"},"content":{"rendered":"<div>\n<p>Le ministre gambien de la justice, Dawda Jallow a d\u00e9clar\u00e9 mercredi 25\u00a0mai devant les associations de victimes du r\u00e9gime de l\u2019ancien pr\u00e9sident Yahya Jammeh que le gouvernement est pr\u00eat \u00e0 le faire juger, en Gambie, ainsi que soixante-dix autres personnes accus\u00e9es de crimes pendant ses vingt-deux ans \u00e0 la t\u00eate du pays. <em>\u00ab\u00a0Nous ne sommes pas dispos\u00e9s \u00e0 laisser l\u2019impunit\u00e9 encourager les auteurs de crimes\u00a0\u00bb<\/em>, a-t-il assur\u00e9.<\/p>\n<p>Un parquet et un tribunal sp\u00e9ciaux seront cr\u00e9\u00e9s, a annonc\u00e9 le ministre.\u00a0<em>\u00ab\u00a0Cette cour sera \u00e9tablie en Gambie\u00a0\u00bb<\/em>, a-t-il pr\u00e9cis\u00e9.<\/p>\n<p>Mais de l\u00e0 \u00e0 conna\u00eetre la date d\u2019une comparution de l\u2019ex pr\u00e9sident, rien n\u2019est assur\u00e9, Yahya\u00a0Jammeh s\u2019est exil\u00e9 en Guin\u00e9e \u00e9quatoriale, pays avec lequel la Gambie n\u2019a pas d\u2019accord d\u2019extradition.<\/p>\n<p>Un rapport produit en novembre\u00a02021 accuse l\u2019ancien pr\u00e9sident Yahya Jammeh et plusieurs de ses proches, d\u2019avoir commis<em> \u00ab\u00a0une myriade de crimes entre 1994 et 2017\u00a0\u00bb.<\/em><\/p>\n<p><em>Si l\u2019information apporte un d\u00e9but d\u2019espoir, les familles des victimes restent vigilantes. <\/em>Fatoumatta Sandeng<em>, porte-parole <\/em>d\u2019une coalition d\u2019associations de victimes estime \u00e0 ce titre que <em>\u00ab\u00a0la t\u00e2che la plus importante maintenant, c\u2019est de veiller \u00e0 ce que les recommandations soient respect\u00e9es, appliqu\u00e9es et non pas mises de c\u00f4t\u00e9 comme ailleurs\u00a0\u00bb<\/em>.<\/p>\n<p>Pendant vingt-deux ans,\u00a0<em>\u00ab\u00a0les ex\u00e9cutions extrajudiciaires, le viol, la torture, les disparitions forc\u00e9es et de nombreuses violations graves des droits de l\u2019homme ont \u00e9t\u00e9 la marque de\u00a0<\/em>[la]\u00a0<em>junte militaire\u00a0\u00bb<\/em>\u00a0de M.\u00a0Jammeh\u00a0;\u00a0<em>\u00ab\u00a0avec ses complices, y compris les broussards et l\u2019Agence nationale du renseignement, Yahya Jammeh s\u2019est servi de ces instruments pour s\u2019accrocher au pouvoir en semant la peur dans le c\u0153ur des Gambiens ordinaires\u00a0\u00bb<\/em>, souligne le gouvernement dans un \u00ab Livre blanc \u00bb r\u00e9dig\u00e9 \u00e0 partir des travaux de la commission charg\u00e9e de faire la lumi\u00e8re sur la p\u00e9riode de gouvernance de l\u2019ancien pr\u00e9sident.<\/p>\n<p>La commission a d\u00e9nombr\u00e9 entre 240 et 250\u00a0personnes mortes entre les mains de l\u2019Etat et de ses agents.<\/p>\n<p>Personne n\u2019a encore \u00e9t\u00e9 jug\u00e9 en Gambie pour les crimes attribu\u00e9s au r\u00e9gime Jammeh. La pr\u00e9sidence de M.\u00a0Jammeh a pris fin avec sa d\u00e9faite surprise \u00e0 la pr\u00e9sidentielle de d\u00e9cembre\u00a02016 et son exil forc\u00e9 en janvier\u00a02017 sous la pression d\u2019une intervention militaire ouest-africaine.<\/p>\n<p style=\"text-align: right\"><strong>Sidwaya.info<\/strong><\/p>\n<p style=\"text-align: right\"><strong>Source\u00a0: lemonde.fr\/afrique <\/strong><\/p>\n<\/div>\n<p>Auteur: Wamini SIDWAYA<br \/>\n<a href=\"https:\/\/www.sidwaya.info\/blog\/2022\/05\/26\/gambie-lancien-president-yahya-jammeh-bientot-devant-la-justice-selon-le-gouvernement\/\">Cliquez ici pour lire l&rsquo;article depuis sa source.<\/a><\/p>\n","protected":false},"excerpt":{"rendered":"<p>Le ministre gambien de la justice, Dawda Jallow a d\u00e9clar\u00e9 mercredi 25\u00a0mai devant les associations de victimes du r\u00e9gime de l\u2019ancien pr\u00e9sident Yahya Jammeh que le gouvernement est pr\u00eat \u00e0 le faire juger, en Gambie, ainsi que soixante-dix autres personnes accus\u00e9es de crimes pendant ses vingt-deux ans \u00e0 la t\u00eate du pays. \u00ab\u00a0Nous ne sommes [&hellip;]<\/p>\n","protected":false},"author":1816,"featured_media":0,"comment_status":"closed","ping_status":"closed","sticky":false,"template":"","format":"standard","meta":{"fifu_image_url":"","fifu_image_alt":"","footnotes":""},"categories":[73,81],"tags":[],"class_list":["post-148648","post","type-post","status-publish","format-standard","hentry","category-actualite","category-burkina-faso"],"_links":{"self":[{"href":"https:\/\/linitiative.ca\/International\/wp-json\/wp\/v2\/posts\/148648","targetHints":{"allow":["GET"]}}],"collection":[{"href":"https:\/\/linitiative.ca\/International\/wp-json\/wp\/v2\/posts"}],"about":[{"href":"https:\/\/linitiative.ca\/International\/wp-json\/wp\/v2\/types\/post"}],"author":[{"embeddable":true,"href":"https:\/\/linitiative.ca\/International\/wp-json\/wp\/v2\/users\/1816"}],"replies":[{"embeddable":true,"href":"https:\/\/linitiative.ca\/International\/wp-json\/wp\/v2\/comments?post=148648"}],"version-history":[{"count":0,"href":"https:\/\/linitiative.ca\/International\/wp-json\/wp\/v2\/posts\/148648\/revisions"}],"wp:attachment":[{"href":"https:\/\/linitiative.ca\/International\/wp-json\/wp\/v2\/media?parent=148648"}],"wp:term":[{"taxonomy":"category","embeddable":true,"href":"https:\/\/linitiative.ca\/International\/wp-json\/wp\/v2\/categories?post=148648"},{"taxonomy":"post_tag","embeddable":true,"href":"https:\/\/linitiative.ca\/International\/wp-json\/wp\/v2\/tags?post=148648"}],"curies":[{"name":"wp","href":"https:\/\/api.w.org\/{rel}","templated":true}]}}