{"id":148650,"date":"2022-05-26T11:58:19","date_gmt":"2022-05-26T15:58:19","guid":{"rendered":"https:\/\/linitiative.ca\/International\/journee-de-lafrique-le-message-du-groupe-des-chefs-des-missions-diplomatiques-et-consulaires-africaines-accreditees-au-burkina-faso\/"},"modified":"2022-05-26T11:58:19","modified_gmt":"2022-05-26T15:58:19","slug":"journee-de-lafrique-le-message-du-groupe-des-chefs-des-missions-diplomatiques-et-consulaires-africaines-accreditees-au-burkina-faso","status":"publish","type":"post","link":"https:\/\/linitiative.ca\/International\/journee-de-lafrique-le-message-du-groupe-des-chefs-des-missions-diplomatiques-et-consulaires-africaines-accreditees-au-burkina-faso\/","title":{"rendered":"Journ\u00e9e de l\u2019Afrique\u00a0: le message du groupe des Chefs des Missions Diplomatiques  et Consulaires africaines accr\u00e9dit\u00e9es au Burkina Faso"},"content":{"rendered":"<div>\n<p>Le 25 mai de chaque ann\u00e9e est l\u2019occasion pour le Groupe des Chefs des Missions Diplomatiques et Consulaires africaines accr\u00e9dit\u00e9es au Burkina Faso d\u2019organiser une r\u00e9ception de circonstance dans le but de favoriser davantage le rapprochement et t\u00e9moigner notre sympathie \u00e0 l\u2019\u00e9gard du peuple burkinab\u00e8 pendant cette journ\u00e9e qui repr\u00e9sente le symbole de l\u2019Unit\u00e9 du Continent africain.<\/p>\n<p>La c\u00e9l\u00e9bration de la Journ\u00e9e de l\u2019Afrique, le 25 mai est plac\u00e9e cette ann\u00e9e sous le th\u00e8me \u00ab Renforcer la r\u00e9silience en mati\u00e8re de nutrition sur le continent africain : Acc\u00e9l\u00e9rer le capital humain, le d\u00e9veloppement social et \u00e9conomique\u00a0\u00bb. Le th\u00e8me de cette ann\u00e9e s\u2019inscrit dans le prolongement de d\u00e9cisions ant\u00e9rieures prises au niveau Continental, telles que la cr\u00e9ation d\u2019une \u00c9quipe sp\u00e9ciale sur le d\u00e9veloppement alimentaire et nutritionnel et l\u2019\u00e9laboration d\u2019une Strat\u00e9gie r\u00e9gionale africaine de la nutrition (2016-2025).<\/p>\n<p>C\u2019est l\u2019occasion pour nous de rendre hommage aux pr\u00e9curseurs du panafricanisme sur le Continent et aux P\u00e8res-Fondateurs, dont la vision lumineuse, transcendant les barri\u00e8res, a allum\u00e9 la flamme de l\u2019unit\u00e9 africaine voil\u00e0 maintenant 59 ans.<\/p>\n<p>Au moment o\u00f9 nous c\u00e9l\u00e9brons la Journ\u00e9e de l\u2019Afrique qui figure sur le calendrier des f\u00eates internationales, il s\u2019agit de mener une r\u00e9flexion sur l\u2019avenir et le devenir de notre Continent, sa place sur l\u2019\u00e9chiquier international. A cet \u00e9gard, nous demeurons confiants que la Pr\u00e9sidence en exercice assur\u00e9e par la R\u00e9publique du S\u00e9n\u00e9gal continuera d\u2019\u0153uvrer pour une Afrique int\u00e9gr\u00e9e, prosp\u00e8re, et repr\u00e9sentant une force dynamique sur la sc\u00e8ne mondiale.<\/p>\n<p>Alors que 2020 et 2021 ont \u00e9t\u00e9 marqu\u00e9es par la pand\u00e9mie li\u00e9e \u00e0 la COVID-19 et les restrictions qu\u2019elle a impos\u00e9 en termes de mobilit\u00e9 et de cons\u00e9quences n\u00e9gatives sur les plans \u00e9conomique, financiers et social, l\u2019ann\u00e9e 2022 connait fort heureusement un endiguement de cette pand\u00e9mie et une tentative de reprise d\u2019une vie normale et la poursuite sur le Continent d\u2019une multitude programmes et projets de coop\u00e9ration et de d\u00e9veloppement.<\/p>\n<p>Le leadership de l\u2019Union Africaine dans les efforts de lutte contre la pand\u00e9mie et la mobilisation des vaccins \u00e0 travers les Centres africains de contr\u00f4le et de pr\u00e9vention des maladies (Africa CDC) sont \u00e0 mettre en exergue.<\/p>\n<p>Mais, la persistance de certaines crises internationales devrait rendre encore plus d\u00e9licat le travail des d\u00e9cideurs qui doivent en m\u00eame temps renforcer leurs \u00e9conomies et prot\u00e9ger les populations. En c\u00e9l\u00e9brant aujourd\u2019hui, la Journ\u00e9e de l\u2019Afrique, nous formulons le v\u0153u pour que toutes les capacit\u00e9s d\u2019adaptation et de r\u00e9silience soient mobilis\u00e9es pour qu\u2019ensemble l\u2019on puisse mieux affronter ces difficult\u00e9s.<\/p>\n<p>Depuis sa cr\u00e9ation en 1963, l\u2019Organisation Panafricaine a r\u00e9solument \u0153uvr\u00e9 pour b\u00e2tir et consolider un Continent uni et tourn\u00e9 vers l\u2019avenir. De nombreux acquis ont \u00e9t\u00e9 r\u00e9alis\u00e9s sur la voie de l\u2019unit\u00e9, du progr\u00e8s \u00e9conomique et social ainsi que de l\u2019engagement ferme en faveur d\u2019une coop\u00e9ration interafricaine solidaire.<\/p>\n<p>Cependant, l\u2019Afrique continue \u00e0 faire face \u00e0 de nombreux d\u00e9fis majeurs pour mieux assurer une bonne int\u00e9gration r\u00e9gionale et exploiter les avantages qui en d\u00e9coulent notamment en termes de compl\u00e9mentarit\u00e9s et d\u2019\u00e9changes entre les 8 Communaut\u00e9s Economiques R\u00e9gionales (CER). Dans ce cadre, la Zone de Libre-Echange Africaine (ZLECAf), dont la mise en \u0153uvre a d\u00e9marr\u00e9 le 1<sup>er<\/sup> janvier 2021, y contribuera gr\u00e2ce au dynamisme \u00e9conomique qu\u2019elle g\u00e9n\u00e9rera dans un march\u00e9 de plus de 1,2 milliard de personnes et suivant une politique commerciale ax\u00e9s sur les actions cl\u00e9s convenus au niveau de ce march\u00e9 Continental.<\/p>\n<p>Relever les d\u00e9fis africains c\u2019est \u00e9galement la question du d\u00e9veloppement durable et de l\u2019environnement en Afrique. Dans cette perspective, la 27\u00e8me Conf\u00e9rence internationale sur le climat (COP 27), qui sera organis\u00e9e \u00e0 Sharm El-Sheikh, en Egypte, en novembre prochain, pr\u00e9sentera pour l\u2019Afrique une opportunit\u00e9 de prendre une part plus active dans une Transition Energ\u00e9tique et de franchir ainsi un nouveau cap dans la mobilisation de l\u2019investissement initial en capital dont elle a besoin pour am\u00e9liorer sa r\u00e9ponse face au changement climatique, \u00e0 long terme.<\/p>\n<p>L\u2019Afrique doit \u00e9galement relever les d\u00e9fis de paix et de la s\u00e9curit\u00e9. Le Groupe Africain est conscient de la situation difficile s\u00e9curitaire et humanitaire que traverse le pays et les d\u00e9fis y aff\u00e9rents. Nous saisissons cette occasion pour condamner fermement les attaques terroristes survenus au Burkina Faso ayant fait des centaines de morts et de nombreux bless\u00e9s. Nous exprimons nos sinc\u00e8res condol\u00e9ances et notre solidarit\u00e9 aux familles des victimes et \u00e0 l\u2019ensemble de la population burkinab\u00e8.<\/p>\n<p>Il est urgent de renforcer la coop\u00e9ration interafricaine et internationale dans ce domaine afin d\u2019appuyer et d\u2019accompagner les efforts du Burkina Faso dans sa lutte contre le terrorisme et la r\u00e9alisation effective des programmes de d\u00e9veloppement socio-\u00e9conomique.<\/p>\n<p>La c\u00e9l\u00e9bration de la Journ\u00e9e de l\u2019Afrique nous offre l\u2019opportunit\u00e9 d\u2019adresser aux Hautes Autorit\u00e9s et au Gouvernement burkinab\u00e8 nos v\u0153ux les plus sinc\u00e8res d\u2019une bonne f\u00eate de l\u2019Afrique, et nous formulons \u00e9galement nos v\u0153ux de paix, de prosp\u00e9rit\u00e9 et de bien-\u00eatre pour le peuple burkinab\u00e8 fr\u00e8re.<\/p>\n<p>C\u2019est aussi l\u2019occasion pour le Groupe Africain d\u2019exprimer \u00e0 Son Excellence Madame la Ministre des Affaires Etrang\u00e8res, de la Coop\u00e9ration R\u00e9gionale et des Burkinab\u00e8 de l\u2019Ext\u00e9rieur et \u00e0 Son Excellence Monsieur le Ministre D\u00e9l\u00e9gu\u00e9 notre gratitude renouvel\u00e9e pour la chaleureuse hospitalit\u00e9 et la diligente collaboration dont nous sommes l\u2019objet et pour la qualit\u00e9 des relations diplomatiques que le Burkina entretient avec nos pays respectifs, en r\u00e9affirmant la disponibilit\u00e9 du Groupe \u00e0 travailler pour l\u2019av\u00e8nement d\u2019un Burkina prosp\u00e8re, de paix et r\u00e9concili\u00e9.<\/p>\n<p>Le Groupe voudrait formuler ses souhaits de succ\u00e8s dans la mise en \u0153uvre de vos diff\u00e9rents programmes de d\u00e9veloppement et de coop\u00e9ration africaine et internationale pour atteindre les objectifs fix\u00e9s par le Gouvernement pour que le pays connaisse l\u2019essor n\u00e9cessaire \u00e0 son d\u00e9veloppement, pour un meilleur \u00e9panouissement du peuple burkinab\u00e8.<\/p>\n<p>L\u2019Afrique est notre Continent, l\u2019Afrique est notre Maison commune.<\/p>\n<p>Bonne et heureuse f\u00eate de l\u2019Afrique et merci \u00e0 tous de votre aimable attention.<\/p>\n<p>\u00a0<\/p>\n<p style=\"text-align: right\">Le Groupe des Chefs des Missions Diplomatiques<\/p>\n<p style=\"text-align: right\">et Consulaires Africaines accr\u00e9dit\u00e9es au Burkina Faso<\/p>\n<p style=\"text-align: right\">Le Doyen Ambassadeur du Royaume du Maroc<\/p>\n<p style=\"text-align: right\">S.E Monsieur Youssef SLAOUI<\/p>\n<\/div>\n<p>Auteur: BS. Sidwaya<br \/>\n<a href=\"https:\/\/www.sidwaya.info\/blog\/2022\/05\/26\/journee-de-lafrique-le-message-du-groupe-des-chefs-des-missions-diplomatiques-et-consulaires-africaines-accreditees-au-burkina-faso\/\">Cliquez ici pour lire l&rsquo;article depuis sa source.<\/a><\/p>\n","protected":false},"excerpt":{"rendered":"<p>Le 25 mai de chaque ann\u00e9e est l\u2019occasion pour le Groupe des Chefs des Missions Diplomatiques et Consulaires africaines accr\u00e9dit\u00e9es au Burkina Faso d\u2019organiser une r\u00e9ception de circonstance dans le but de favoriser davantage le rapprochement et t\u00e9moigner notre sympathie \u00e0 l\u2019\u00e9gard du peuple burkinab\u00e8 pendant cette journ\u00e9e qui repr\u00e9sente le symbole de l\u2019Unit\u00e9 du [&hellip;]<\/p>\n","protected":false},"author":1816,"featured_media":0,"comment_status":"closed","ping_status":"closed","sticky":false,"template":"","format":"standard","meta":{"fifu_image_url":"","fifu_image_alt":"","footnotes":""},"categories":[73,81],"tags":[],"class_list":["post-148650","post","type-post","status-publish","format-standard","hentry","category-actualite","category-burkina-faso"],"_links":{"self":[{"href":"https:\/\/linitiative.ca\/International\/wp-json\/wp\/v2\/posts\/148650","targetHints":{"allow":["GET"]}}],"collection":[{"href":"https:\/\/linitiative.ca\/International\/wp-json\/wp\/v2\/posts"}],"about":[{"href":"https:\/\/linitiative.ca\/International\/wp-json\/wp\/v2\/types\/post"}],"author":[{"embeddable":true,"href":"https:\/\/linitiative.ca\/International\/wp-json\/wp\/v2\/users\/1816"}],"replies":[{"embeddable":true,"href":"https:\/\/linitiative.ca\/International\/wp-json\/wp\/v2\/comments?post=148650"}],"version-history":[{"count":0,"href":"https:\/\/linitiative.ca\/International\/wp-json\/wp\/v2\/posts\/148650\/revisions"}],"wp:attachment":[{"href":"https:\/\/linitiative.ca\/International\/wp-json\/wp\/v2\/media?parent=148650"}],"wp:term":[{"taxonomy":"category","embeddable":true,"href":"https:\/\/linitiative.ca\/International\/wp-json\/wp\/v2\/categories?post=148650"},{"taxonomy":"post_tag","embeddable":true,"href":"https:\/\/linitiative.ca\/International\/wp-json\/wp\/v2\/tags?post=148650"}],"curies":[{"name":"wp","href":"https:\/\/api.w.org\/{rel}","templated":true}]}}