{"id":148651,"date":"2022-05-26T15:18:03","date_gmt":"2022-05-26T19:18:03","guid":{"rendered":"https:\/\/linitiative.ca\/International\/burkina-une-cinquantaine-de-morts-dans-une-attaque-terroriste-officiel\/"},"modified":"2022-05-26T15:18:03","modified_gmt":"2022-05-26T19:18:03","slug":"burkina-une-cinquantaine-de-morts-dans-une-attaque-terroriste-officiel","status":"publish","type":"post","link":"https:\/\/linitiative.ca\/International\/burkina-une-cinquantaine-de-morts-dans-une-attaque-terroriste-officiel\/","title":{"rendered":"Burkina : une cinquantaine de morts dans une attaque terroriste (officiel)"},"content":{"rendered":"<div>\n<p><img decoding=\"async\" width=\"1920\" height=\"1080\" src=\"https:\/\/linitiative.ca\/International\/wp-content\/uploads\/sites\/23\/2022\/05\/16535926831306.jpg\" class=\"attachment-post-thumbnail size-post-thumbnail wp-post-image\" alt=\"\" loading=\"lazy\" srcset=\"https:\/\/linitiative.ca\/International\/wp-content\/uploads\/sites\/23\/2022\/05\/16535926831306.jpg 1920w, https:\/\/www.journalducameroun.com\/wp-content\/uploads\/2022\/05\/16535926831306-300x169.jpg 300w, https:\/\/www.journalducameroun.com\/wp-content\/uploads\/2022\/05\/16535926831306-1024x576.jpg 1024w, https:\/\/www.journalducameroun.com\/wp-content\/uploads\/2022\/05\/16535926831306-768x432.jpg 768w, https:\/\/www.journalducameroun.com\/wp-content\/uploads\/2022\/05\/16535926831306-1536x864.jpg 1536w, https:\/\/www.journalducameroun.com\/wp-content\/uploads\/2022\/05\/16535926831306-780x440.jpg 780w, https:\/\/www.journalducameroun.com\/wp-content\/uploads\/2022\/05\/16535926831306-380x215.jpg 380w, https:\/\/www.journalducameroun.com\/wp-content\/uploads\/2022\/05\/16535926831306-160x90.jpg 160w, https:\/\/www.journalducameroun.com\/wp-content\/uploads\/2022\/05\/16535926831306-240x135.jpg 240w, https:\/\/www.journalducameroun.com\/wp-content\/uploads\/2022\/05\/16535926831306-782x440.jpg 782w, https:\/\/www.journalducameroun.com\/wp-content\/uploads\/2022\/05\/16535926831306-600x338.jpg 600w\" sizes=\"auto, (max-width: 1920px) 100vw, 1920px\"><\/p>\n<p>Des individus arm\u00e9s non identifi\u00e9s ont pris pour cible, hier mercredi, des habitants de Madjoari sur la route qui devait les mener \u00e0 Nadiagou dans l&rsquo;Est du pays.Madjoari pleure encore ses morts. Cette commune a subi, en un mois, trois assauts terroristes qui ont fait au total pr\u00e8s de 80 d\u00e9c\u00e8s. Le 14 mai dernier, 17 civils ont perdu la vie. Cinq jours plus tard, 11 militaires en d\u00e9tachement sont tomb\u00e9s face aux jihadistes. En outre, une vingtaine de personnes ont \u00e9t\u00e9 bless\u00e9es dans ces deux attaques.<\/p>\n<p>Une nouvelle fois, les armes ont cr\u00e9pit\u00e9 \u00e0 Madjoari. Dans un communiqu\u00e9, publi\u00e9 ce jeudi, Colonel Hubert Yam\u00e9ogo, gouverneur de la R\u00e9gion de l&rsquo;Est, a annonc\u00e9 un bilan provisoire d&rsquo;une cinquantaine de morts, non sans dire que \u00ab des actions de s\u00e9curisation sont en cours afin de ramener la qui\u00e9tude \u00bb.<\/p>\n<p>Cet article <a rel=\"nofollow\" href=\"https:\/\/www.journalducameroun.com\/burkina-une-cinquantaine-de-morts-dans-une-attaque-terroriste-officiel\/\">Burkina : une cinquantaine de morts dans une attaque terroriste (officiel)<\/a> est apparu en premier sur <a rel=\"nofollow\" href=\"https:\/\/www.journalducameroun.com\/\">Journal du Cameroun<\/a>.<\/p>\n<\/div>\n<p>Auteur: APA News<br \/>\n<a href=\"https:\/\/www.journalducameroun.com\/burkina-une-cinquantaine-de-morts-dans-une-attaque-terroriste-officiel\/\">Cliquez ici pour lire l&rsquo;article depuis sa source.<\/a><\/p>\n","protected":false},"excerpt":{"rendered":"<p>Des individus arm\u00e9s non identifi\u00e9s ont pris pour cible, hier mercredi, des habitants de Madjoari sur la route qui devait les mener \u00e0 Nadiagou dans l&rsquo;Est du pays.Madjoari pleure encore ses morts. Cette commune a subi, en un mois, trois assauts terroristes qui ont fait au total pr\u00e8s de 80 d\u00e9c\u00e8s. Le 14 mai dernier, [&hellip;]<\/p>\n","protected":false},"author":1965,"featured_media":0,"comment_status":"closed","ping_status":"closed","sticky":false,"template":"","format":"standard","meta":{"fifu_image_url":"https:\/\/www.journalducameroun.com\/wp-content\/uploads\/2022\/05\/16535926831306.jpg","fifu_image_alt":"Burkina : une cinquantaine de morts dans une attaque terroriste (officiel)","footnotes":""},"categories":[73,82],"tags":[],"class_list":["post-148651","post","type-post","status-publish","format-standard","hentry","category-actualite","category-cameroun"],"_links":{"self":[{"href":"https:\/\/linitiative.ca\/International\/wp-json\/wp\/v2\/posts\/148651","targetHints":{"allow":["GET"]}}],"collection":[{"href":"https:\/\/linitiative.ca\/International\/wp-json\/wp\/v2\/posts"}],"about":[{"href":"https:\/\/linitiative.ca\/International\/wp-json\/wp\/v2\/types\/post"}],"author":[{"embeddable":true,"href":"https:\/\/linitiative.ca\/International\/wp-json\/wp\/v2\/users\/1965"}],"replies":[{"embeddable":true,"href":"https:\/\/linitiative.ca\/International\/wp-json\/wp\/v2\/comments?post=148651"}],"version-history":[{"count":0,"href":"https:\/\/linitiative.ca\/International\/wp-json\/wp\/v2\/posts\/148651\/revisions"}],"wp:attachment":[{"href":"https:\/\/linitiative.ca\/International\/wp-json\/wp\/v2\/media?parent=148651"}],"wp:term":[{"taxonomy":"category","embeddable":true,"href":"https:\/\/linitiative.ca\/International\/wp-json\/wp\/v2\/categories?post=148651"},{"taxonomy":"post_tag","embeddable":true,"href":"https:\/\/linitiative.ca\/International\/wp-json\/wp\/v2\/tags?post=148651"}],"curies":[{"name":"wp","href":"https:\/\/api.w.org\/{rel}","templated":true}]}}