{"id":148653,"date":"2022-05-26T16:18:03","date_gmt":"2022-05-26T20:18:03","guid":{"rendered":"https:\/\/linitiative.ca\/International\/maroc-la-croissance-estimee-a-18-en-2022-bad\/"},"modified":"2022-05-26T16:18:03","modified_gmt":"2022-05-26T20:18:03","slug":"maroc-la-croissance-estimee-a-18-en-2022-bad","status":"publish","type":"post","link":"https:\/\/linitiative.ca\/International\/maroc-la-croissance-estimee-a-18-en-2022-bad\/","title":{"rendered":"Maroc: la croissance estim\u00e9e \u00e0 1,8% en 2022 (BAD)"},"content":{"rendered":"<div>\n<p><img decoding=\"async\" width=\"275\" height=\"183\" src=\"https:\/\/linitiative.ca\/International\/wp-content\/uploads\/sites\/23\/2022\/05\/16535962839788.jpg\" class=\"attachment-post-thumbnail size-post-thumbnail wp-post-image\" alt=\"\" loading=\"lazy\"><\/p>\n<p>La croissance \u00e9conomique du Maroc devrait s&rsquo;\u00e9tablir \u00e0 1,8% en 2022 et \u00e0 3,3% en 2023, malgr\u00e9 la reprise des exportations et un retour partiel des touristes, pr\u00e9voit la Banque africaine de d\u00e9veloppement (BAD).\u00a0\u00bbCette \u00e9volution, en dessous de sa moyenne de 2015\u201319, s&rsquo;explique par la hausse des prix des mati\u00e8res premi\u00e8res et du retard des pr\u00e9cipitations\u00a0\u00bb, rel\u00e8ve le rapport des Perspectives \u00e9conomiques en Afrique 2022, publi\u00e9 par la BAD, en marge des assembl\u00e9es annuelles de la Banque, organis\u00e9es \u00e0 Accra.<\/p>\n<p>En 2022, l&rsquo;inflation devrait d\u00e9passer 4%, refl\u00e9tant la hausse des prix des importations, ce qui affecte \u00e9galement la facture \u00e9nerg\u00e9tique et le d\u00e9ficit du compte courant, pr\u00e9cise ledit rapport. Conform\u00e9ment au Nouveau Mod\u00e8le de D\u00e9veloppement (NMD) visant \u00e0 augmenter le capital humain d&rsquo;ici 2035, les indicateurs sociaux devraient s&rsquo;am\u00e9liorer, car, d&rsquo;ici 2025, le Royaume vise \u00e0 g\u00e9n\u00e9raliser la protection sociale, l&rsquo;indemnisation en cas de perte d&#8217;emploi, l&rsquo;assurance maladie et les allocations familiales, fait savoir la BAD.<\/p>\n<p>Le d\u00e9ficit budg\u00e9taire devrait atteindre 6,3 % du PIB en 2022, estime la m\u00eame source. Et de noter que les politiques visant \u00e0 d\u00e9velopper davantage le secteur priv\u00e9 par le d\u00e9veloppement des petites et moyennes entreprises renforceraient la croissance et son caract\u00e8re inclusif.<\/p>\n<p>Ces 57\u00e8 assembl\u00e9es, qui marquent un retour aux r\u00e9unions en pr\u00e9sentiel apr\u00e8s les rencontres virtuelles des deux derni\u00e8res ann\u00e9es, se veulent une occasion de discuter des moyens de faciliter la transition \u00e9nerg\u00e9tique de l&rsquo;Afrique dans un contexte marqu\u00e9 par des changements climatiques, dont les r\u00e9percussions sont d\u00e9j\u00e0 remarquables sur les pays du continent.<\/p>\n<p>L&rsquo;objectif de ces assembl\u00e9es, dont le th\u00e8me s&rsquo;aligne sur la 27e Conf\u00e9rence des Nations unies sur le changement climatique (COP27) pr\u00e9vue en \u00c9gypte en novembre prochain, est de discuter des moyens d&rsquo;aider les pays africains \u00e0 s&rsquo;adapter aux changements climatiques, \u00e0 travers notamment la mobilisation de ressources n\u00e9cessaires.<\/p>\n<p>Cet article <a rel=\"nofollow\" href=\"https:\/\/www.journalducameroun.com\/maroc-la-croissance-estimee-a-18-en-2022-bad\/\">Maroc: la croissance estim\u00e9e \u00e0 1,8% en 2022 (BAD)<\/a> est apparu en premier sur <a rel=\"nofollow\" href=\"https:\/\/www.journalducameroun.com\/\">Journal du Cameroun<\/a>.<\/p>\n<\/div>\n<p>Auteur: APA News<br \/>\n<a href=\"https:\/\/www.journalducameroun.com\/maroc-la-croissance-estimee-a-18-en-2022-bad\/\">Cliquez ici pour lire l&rsquo;article depuis sa source.<\/a><\/p>\n","protected":false},"excerpt":{"rendered":"<p>La croissance \u00e9conomique du Maroc devrait s&rsquo;\u00e9tablir \u00e0 1,8% en 2022 et \u00e0 3,3% en 2023, malgr\u00e9 la reprise des exportations et un retour partiel des touristes, pr\u00e9voit la Banque africaine de d\u00e9veloppement (BAD).\u00a0\u00bbCette \u00e9volution, en dessous de sa moyenne de 2015\u201319, s&rsquo;explique par la hausse des prix des mati\u00e8res premi\u00e8res et du retard des [&hellip;]<\/p>\n","protected":false},"author":1965,"featured_media":0,"comment_status":"closed","ping_status":"closed","sticky":false,"template":"","format":"standard","meta":{"fifu_image_url":"https:\/\/www.journalducameroun.com\/wp-content\/uploads\/2022\/05\/16535962839788.jpg","fifu_image_alt":"Maroc: la croissance estim\u00e9e \u00e0 1,8% en 2022 (BAD)","footnotes":""},"categories":[73,82],"tags":[],"class_list":["post-148653","post","type-post","status-publish","format-standard","hentry","category-actualite","category-cameroun"],"_links":{"self":[{"href":"https:\/\/linitiative.ca\/International\/wp-json\/wp\/v2\/posts\/148653","targetHints":{"allow":["GET"]}}],"collection":[{"href":"https:\/\/linitiative.ca\/International\/wp-json\/wp\/v2\/posts"}],"about":[{"href":"https:\/\/linitiative.ca\/International\/wp-json\/wp\/v2\/types\/post"}],"author":[{"embeddable":true,"href":"https:\/\/linitiative.ca\/International\/wp-json\/wp\/v2\/users\/1965"}],"replies":[{"embeddable":true,"href":"https:\/\/linitiative.ca\/International\/wp-json\/wp\/v2\/comments?post=148653"}],"version-history":[{"count":0,"href":"https:\/\/linitiative.ca\/International\/wp-json\/wp\/v2\/posts\/148653\/revisions"}],"wp:attachment":[{"href":"https:\/\/linitiative.ca\/International\/wp-json\/wp\/v2\/media?parent=148653"}],"wp:term":[{"taxonomy":"category","embeddable":true,"href":"https:\/\/linitiative.ca\/International\/wp-json\/wp\/v2\/categories?post=148653"},{"taxonomy":"post_tag","embeddable":true,"href":"https:\/\/linitiative.ca\/International\/wp-json\/wp\/v2\/tags?post=148653"}],"curies":[{"name":"wp","href":"https:\/\/api.w.org\/{rel}","templated":true}]}}