{"id":148659,"date":"2022-05-26T17:18:03","date_gmt":"2022-05-26T21:18:03","guid":{"rendered":"https:\/\/linitiative.ca\/International\/senegal-limogeage-du-ministre-de-la-sante\/"},"modified":"2022-05-26T17:18:03","modified_gmt":"2022-05-26T21:18:03","slug":"senegal-limogeage-du-ministre-de-la-sante","status":"publish","type":"post","link":"https:\/\/linitiative.ca\/International\/senegal-limogeage-du-ministre-de-la-sante\/","title":{"rendered":"S\u00e9n\u00e9gal : limogeage du ministre de la Sant\u00e9"},"content":{"rendered":"<div>\n<p><img decoding=\"async\" width=\"1280\" height=\"853\" src=\"https:\/\/linitiative.ca\/International\/wp-content\/uploads\/sites\/23\/2022\/05\/16535998833822.jpg\" class=\"attachment-post-thumbnail size-post-thumbnail wp-post-image\" alt=\"\" loading=\"lazy\" srcset=\"https:\/\/linitiative.ca\/International\/wp-content\/uploads\/sites\/23\/2022\/05\/16535998833822.jpg 1280w, https:\/\/www.journalducameroun.com\/wp-content\/uploads\/2022\/05\/16535998833822-300x200.jpg 300w, https:\/\/www.journalducameroun.com\/wp-content\/uploads\/2022\/05\/16535998833822-1024x682.jpg 1024w, https:\/\/www.journalducameroun.com\/wp-content\/uploads\/2022\/05\/16535998833822-768x512.jpg 768w, https:\/\/www.journalducameroun.com\/wp-content\/uploads\/2022\/05\/16535998833822-660x440.jpg 660w, https:\/\/www.journalducameroun.com\/wp-content\/uploads\/2022\/05\/16535998833822-600x400.jpg 600w\" sizes=\"auto, (max-width: 1280px) 100vw, 1280px\"><\/p>\n<p>Abdoulaye Diouf Sarr est remplac\u00e9 par Docteure Marie Kh\u00e9messe Ngom Ndiaye jusque-l\u00e0 Directrice G\u00e9n\u00e9rale de la Sant\u00e9 publique.La nouvelle vient de tomber. Le chef de l&rsquo;\u00c9tat s\u00e9n\u00e9galais a remerci\u00e9 Abdoulaye Diouf Sarr, ministre de la Sant\u00e9 et de l&rsquo;Action sociale depuis septembre 2017. Le d\u00e9cret a \u00e9t\u00e9 lu au journal de 20 heures de la Radiodiffusion T\u00e9l\u00e9vision S\u00e9n\u00e9galaise (RTS, publique).<\/p>\n<p>Cette d\u00e9cision intervient au lendemain de l&rsquo;incendie de la maternit\u00e9 de l&rsquo;H\u00f4pital Mame Abdou Aziz Sy Dabakh de Tivaouane (Ouest) ayant entrain\u00e9 la mort de 11 nourrissons. Un drame qui a pouss\u00e9 Macky Sall \u00e0 \u00e9courter son s\u00e9jour \u00e0 Malabo, en Guin\u00e9e \u00e9quatoriale, o\u00f9 se tient un Sommet extraordinaire de l&rsquo;Union Africaine (UA) dont il est \u00e9galement le pr\u00e9sident en exercice.<\/p>\n<p>Abdoulaye Diouf Sarr, le d\u00e9sormais ex-ministre, est lui aussi rentr\u00e9 au S\u00e9n\u00e9gal en urgence car il se trouvait \u00e0 Gen\u00e8ve (Suisse) \u00e0 l&rsquo;occasion de la 75e Assembl\u00e9e mondiale de la Sant\u00e9. \u00a0<\/p>\n<p>L&rsquo;incendie de Tivaouane, d\u00fb selon les premiers \u00e9l\u00e9ments de l&rsquo;enqu\u00eate \u00e0 un court-circuit \u00e9lectrique, est survenu un an apr\u00e8s celui de Lingu\u00e8re (Nord-Est). Dans les m\u00eames circonstances, quatre b\u00e9b\u00e9s \u00e9taient d\u00e9c\u00e9d\u00e9s. Un deuil national de trois jours, \u00e0 compter de ce jeudi, sera observ\u00e9 sur toute l&rsquo;\u00e9tendue du territoire national. Le pr\u00e9sident Macky Sall est attendu samedi prochain dans la cit\u00e9 religieuse de Tivaouane.<\/p>\n<p>Cet article <a rel=\"nofollow\" href=\"https:\/\/www.journalducameroun.com\/senegal-limogeage-du-ministre-de-la-sante\/\">S\u00e9n\u00e9gal : limogeage du ministre de la Sant\u00e9<\/a> est apparu en premier sur <a rel=\"nofollow\" href=\"https:\/\/www.journalducameroun.com\/\">Journal du Cameroun<\/a>.<\/p>\n<\/div>\n<p>Auteur: APA News<br \/>\n<a href=\"https:\/\/www.journalducameroun.com\/senegal-limogeage-du-ministre-de-la-sante\/\">Cliquez ici pour lire l&rsquo;article depuis sa source.<\/a><\/p>\n","protected":false},"excerpt":{"rendered":"<p>Abdoulaye Diouf Sarr est remplac\u00e9 par Docteure Marie Kh\u00e9messe Ngom Ndiaye jusque-l\u00e0 Directrice G\u00e9n\u00e9rale de la Sant\u00e9 publique.La nouvelle vient de tomber. Le chef de l&rsquo;\u00c9tat s\u00e9n\u00e9galais a remerci\u00e9 Abdoulaye Diouf Sarr, ministre de la Sant\u00e9 et de l&rsquo;Action sociale depuis septembre 2017. Le d\u00e9cret a \u00e9t\u00e9 lu au journal de 20 heures de la [&hellip;]<\/p>\n","protected":false},"author":1965,"featured_media":0,"comment_status":"closed","ping_status":"closed","sticky":false,"template":"","format":"standard","meta":{"fifu_image_url":"https:\/\/www.journalducameroun.com\/wp-content\/uploads\/2022\/05\/16535998833822.jpg","fifu_image_alt":"S\u00e9n\u00e9gal : limogeage du ministre de la Sant\u00e9","footnotes":""},"categories":[73,82],"tags":[],"class_list":["post-148659","post","type-post","status-publish","format-standard","hentry","category-actualite","category-cameroun"],"_links":{"self":[{"href":"https:\/\/linitiative.ca\/International\/wp-json\/wp\/v2\/posts\/148659","targetHints":{"allow":["GET"]}}],"collection":[{"href":"https:\/\/linitiative.ca\/International\/wp-json\/wp\/v2\/posts"}],"about":[{"href":"https:\/\/linitiative.ca\/International\/wp-json\/wp\/v2\/types\/post"}],"author":[{"embeddable":true,"href":"https:\/\/linitiative.ca\/International\/wp-json\/wp\/v2\/users\/1965"}],"replies":[{"embeddable":true,"href":"https:\/\/linitiative.ca\/International\/wp-json\/wp\/v2\/comments?post=148659"}],"version-history":[{"count":0,"href":"https:\/\/linitiative.ca\/International\/wp-json\/wp\/v2\/posts\/148659\/revisions"}],"wp:attachment":[{"href":"https:\/\/linitiative.ca\/International\/wp-json\/wp\/v2\/media?parent=148659"}],"wp:term":[{"taxonomy":"category","embeddable":true,"href":"https:\/\/linitiative.ca\/International\/wp-json\/wp\/v2\/categories?post=148659"},{"taxonomy":"post_tag","embeddable":true,"href":"https:\/\/linitiative.ca\/International\/wp-json\/wp\/v2\/tags?post=148659"}],"curies":[{"name":"wp","href":"https:\/\/api.w.org\/{rel}","templated":true}]}}