{"id":148661,"date":"2022-05-26T05:56:00","date_gmt":"2022-05-26T09:56:00","guid":{"rendered":"https:\/\/linitiative.ca\/International\/transport-ferroviaire-baisse-de-61-du-trafic-entre-2016-et-2020-a-cause-du-coronavirus\/"},"modified":"2022-05-26T05:56:00","modified_gmt":"2022-05-26T09:56:00","slug":"transport-ferroviaire-baisse-de-61-du-trafic-entre-2016-et-2020-a-cause-du-coronavirus","status":"publish","type":"post","link":"https:\/\/linitiative.ca\/International\/transport-ferroviaire-baisse-de-61-du-trafic-entre-2016-et-2020-a-cause-du-coronavirus\/","title":{"rendered":"Transport ferroviaire\u00a0: baisse de 61% du trafic entre 2016 et 2020 \u00e0 cause du Coronavirus"},"content":{"rendered":"<div>\n<p>Au Cameroun, le trafic dans le transport ferroviaire a drastiquement chut\u00e9 au cours des derni\u00e8res ann\u00e9es. Selon l\u2019annuaire statistique du minist\u00e8re des Transports (Mint), les passagers transport\u00e9s par cette voie a connu une baisse de 61% entre 2016 et 2020, passant de 1\u2009582\u2009434 passagers transport\u00e9s en 2016 \u00e0 572\u2009633 en 2020. \u00ab\u2009Les passagers transport\u00e9s sont pass\u00e9s de 1\u2009582\u2009434 en 2016 \u00e0 572\u2009633 en 2020 soit une baisse de 60,8 %. Cette contre-performance s\u2019explique essentiellement par les effets de la Covid-19\u2009\u00bb, renseigne le document du Mint. En effet, la pand\u00e9mie de la Covid-19 survenue au Cameroun en mars 2020 a amen\u00e9 le gouvernement a \u00e9dict\u00e9 une batterie de mesures restrictives allant de la distanciation sociale au port du masque en passant par la fermeture provisoire des fronti\u00e8res. Lesquelles ont restreint la mobilit\u00e9 des personnes, et a durement impact\u00e9 le tourisme local.<\/p>\n<p><strong>Lire aussi : <a href=\"https:\/\/ecomatin.net\/transport-ferroviaire-le-cameroun-et-le-tchad-relancent-le-projet-camtchad\/\">Transport ferroviaire : le Cameroun et le Tchad relancent le projet CamTchad<\/a><\/strong><\/p>\n<p>Cette baisse du trafic dans le transport des personnes par voie ferr\u00e9e est \u00e9galement la r\u00e9sultante de la catastrophe d\u2019Es\u00e9ka, survenue le 21 octobre 2016 dans cette localit\u00e9 de la r\u00e9gion du Centre. L\u2019incident \u00e9tait survenu suite au d\u00e9raillement d\u2019un train Intercity au d\u00e9part de Yaound\u00e9 en direction de Douala, et avait caus\u00e9 la mort d\u2019au moins 79 morts dont 600 bless\u00e9s. La compagnie ferroviaire Cameroon Railways (Camrail) avait par la suite suspendu le trafic sur cette ligne ferroviaire Yaound\u00e9-Douala, et ce n\u2019est qu\u2019en 2021 que le trafic a repris entre les deux capitales par train, cette fois-l\u00e0 sous le sceau du Train Express. Dans la foul\u00e9e, aucun passager n\u2019a \u00e9t\u00e9 transport\u00e9 en 4 ans.<\/p>\n<p><strong>Lire aussi : <a href=\"https:\/\/ecomatin.net\/transport-ferroviaire-les-tarifs-du-train-express-de-camrail-augmentent-jusqua-150\/\">Transport ferroviaire : les tarifs du \u00ab Train Express \u00bb de Camrail augmentent jusqu\u2019\u00e0 150%<\/a><\/strong><\/p>\n<p>Le document du minist\u00e8re des Transports renseigne par ailleurs que le trafic du fret a enregistr\u00e9 une l\u00e9g\u00e8re baisse durant la p\u00e9riode susmentionn\u00e9e, passant de 1\u2009600\u2009000 tonnes de marchandises transport\u00e9es en 2016 \u00e0 1\u2009551\u2009000 tonnes en 2020, soit une baisse de 3% en valeur relative.<\/p>\n<p>L\u2019article <a rel=\"nofollow\" href=\"https:\/\/ecomatin.net\/transport-ferroviaire-baisse-de-61-du-trafic-c-entre-2016-et-2020-a-cause-du-coronavirus\/\">Transport ferroviaire\u00a0: baisse de 61% du trafic entre 2016 et 2020 \u00e0 cause du Coronavirus<\/a> est apparu en premier sur <a rel=\"nofollow\" href=\"https:\/\/ecomatin.net\/\">EcoMatin<\/a>.<\/p>\n<\/div>\n<p>Auteur: Yannick KENNE<br \/>\n<a href=\"https:\/\/ecomatin.net\/transport-ferroviaire-baisse-de-61-du-trafic-c-entre-2016-et-2020-a-cause-du-coronavirus\/\">Cliquez ici pour lire l&rsquo;article depuis sa source.<\/a><\/p>\n","protected":false},"excerpt":{"rendered":"<p>Au Cameroun, le trafic dans le transport ferroviaire a drastiquement chut\u00e9 au cours des derni\u00e8res ann\u00e9es. Selon l\u2019annuaire statistique du minist\u00e8re des Transports (Mint), les passagers transport\u00e9s par cette voie a connu une baisse de 61% entre 2016 et 2020, passant de 1\u2009582\u2009434 passagers transport\u00e9s en 2016 \u00e0 572\u2009633 en 2020. \u00ab\u2009Les passagers transport\u00e9s sont [&hellip;]<\/p>\n","protected":false},"author":1969,"featured_media":0,"comment_status":"closed","ping_status":"closed","sticky":false,"template":"","format":"standard","meta":{"fifu_image_url":"","fifu_image_alt":"","footnotes":""},"categories":[82,78],"tags":[],"class_list":["post-148661","post","type-post","status-publish","format-standard","hentry","category-cameroun","category-economie"],"_links":{"self":[{"href":"https:\/\/linitiative.ca\/International\/wp-json\/wp\/v2\/posts\/148661","targetHints":{"allow":["GET"]}}],"collection":[{"href":"https:\/\/linitiative.ca\/International\/wp-json\/wp\/v2\/posts"}],"about":[{"href":"https:\/\/linitiative.ca\/International\/wp-json\/wp\/v2\/types\/post"}],"author":[{"embeddable":true,"href":"https:\/\/linitiative.ca\/International\/wp-json\/wp\/v2\/users\/1969"}],"replies":[{"embeddable":true,"href":"https:\/\/linitiative.ca\/International\/wp-json\/wp\/v2\/comments?post=148661"}],"version-history":[{"count":0,"href":"https:\/\/linitiative.ca\/International\/wp-json\/wp\/v2\/posts\/148661\/revisions"}],"wp:attachment":[{"href":"https:\/\/linitiative.ca\/International\/wp-json\/wp\/v2\/media?parent=148661"}],"wp:term":[{"taxonomy":"category","embeddable":true,"href":"https:\/\/linitiative.ca\/International\/wp-json\/wp\/v2\/categories?post=148661"},{"taxonomy":"post_tag","embeddable":true,"href":"https:\/\/linitiative.ca\/International\/wp-json\/wp\/v2\/tags?post=148661"}],"curies":[{"name":"wp","href":"https:\/\/api.w.org\/{rel}","templated":true}]}}