{"id":148663,"date":"2022-05-26T06:15:47","date_gmt":"2022-05-26T10:15:47","guid":{"rendered":"https:\/\/linitiative.ca\/International\/nhpc-76-000-plants-de-cacao-distribues-aux-agriculteurs-de-la-lekie\/"},"modified":"2022-05-26T06:15:47","modified_gmt":"2022-05-26T10:15:47","slug":"nhpc-76-000-plants-de-cacao-distribues-aux-agriculteurs-de-la-lekie","status":"publish","type":"post","link":"https:\/\/linitiative.ca\/International\/nhpc-76-000-plants-de-cacao-distribues-aux-agriculteurs-de-la-lekie\/","title":{"rendered":"NHPC : 76\u00a0000 plants de cacao distribu\u00e9s aux agriculteurs de la L\u00e9ki\u00e9"},"content":{"rendered":"<div>\n<p>Alors qu\u2019on table sur une hausse de 20% de la production de cacao au courant de la campagne \u00a02022-2023, la soci\u00e9t\u00e9 en charge de la construction du barrage de Nachtigal, Nachtigal Hydro Power Company (Nhpc), dans une mise \u00e0 jours\u00a0des activit\u00e9s rendue publique le 23 mai, a annonc\u00e9 qu\u2019elle a proc\u00e9d\u00e9 \u00e0 la distribution de 76\u2009000\u00a0plants de cacaoyers\u00a0\u00a0et de 6000 plants d\u2019arbres forestiers aux populations des 9\u00a0villages de la for\u00eat communautaire de la Coop\u00e9rative des paysans de la L\u00e9ki\u00e9\u00a0(Copal) situ\u00e9e dans le d\u00e9partement de la L\u00e9ki\u00e9 r\u00e9gion du Centre.\u00a0La dotation qui rendre dans le cadre de son programme de compensation des impacts du projet sur la biodiversit\u00e9 va permettre \u00ab\u00a0l\u2019intensification de la cacao culture durable au sein de la Copal\u00a0\u00bb, indique le pr\u00e9fet du d\u00e9partement de L\u00e9ki\u00e9.<\/p>\n<p>Les plants de cacao ont en effet,\u00a0\u00e9t\u00e9 produits suivant un itin\u00e9raire technique innovant avec l\u2019implication des populations locales et l\u2019accompagnement technique du Centre de Recherche Foresti\u00e8re Internationale (Cifor) pour garantir un rendement de 80 kg \u00e0 1 tonne par hectare. Ce, sous financement\u00a0du Nhpc depuis janvier 2020.<\/p>\n<p><strong>Lire aussi : <a href=\"https:\/\/ecomatin.net\/barrage-de-nachtigal-letat-et-la-nhpc-saccordent-sur-lemployabilite-des-jeunes\/\">Barrage de Nachtigal : l\u2019Etat et la Nhpc s\u2019accordent sur l\u2019employabilit\u00e9 des jeunes<\/a><\/strong><\/p>\n<p>Depuis la derni\u00e8re campagne cacaoy\u00e8re, la nature semble avoir jou\u00e9 d\u2019un contraste insoup\u00e7onn\u00e9. Alors qu\u2019on \u00e9tait en plein dans la pand\u00e9mie de Coronavirus, marqu\u00e9e par de restrictions diverses et qu\u2019on s\u2019attendait \u00e0 des cons\u00e9quences sur la productivit\u00e9, le Cameroun a plut\u00f4t enregistr\u00e9 une production en hausse au cours de la campagne 2020-2021. Le pays a produit 292.471 tonnes, soit une hausse de 35.319 tonnes par rapport \u00e0 la pr\u00e9c\u00e9dente campagne, et 12% en valeur relative. Il s\u2019agissait alors de sa meilleure production sur les six derni\u00e8res campagnes.<\/p>\n<p>Pour\u00a0la campagne cacaoy\u00e8re 2022-2023, la Soci\u00e9t\u00e9 de d\u00e9veloppement du cacao (Sodecao), table sur une augmentation de 20%. La structure, justifie cette embellie par l\u2019entr\u00e9e en production de nouveaux vergers entre 2019 et 2021, qui ont permis la distribution d\u2019au moins 5,2 millions de plants certifi\u00e9s aux producteurs. D\u2019autres actions susceptibles de booster la productivit\u00e9 et la comp\u00e9titivit\u00e9 de la fili\u00e8re ont port\u00e9 sur la certification de 5,8 millions de plants de p\u00e9pini\u00e9ristes priv\u00e9s, la mise en place et l\u2019entretien de 09 hectares de champs semenciers de cacaoyers, la r\u00e9habilitation de 25,5 hectares de champs semenciers, le traitement fongique de 51 000 hectares de vergers de cacaoyers, l\u2019acquisition et la distribution de 315 litres d\u2019herbicide et d\u2019insecticide, ainsi que de 789 sachets de fongicides. A tout ceci, il faut \u00e9galement mentionner les conditions climatiques favorables et le fort engouement des producteurs \u00e0 la culture du cacao.<\/p>\n<p>L\u2019article <a rel=\"nofollow\" href=\"https:\/\/ecomatin.net\/nhpc-76-000-plants-de-cacao-distribues-s-aux-agriculteurs-de-la-lekie\/\">NHPC : 76\u00a0000 plants de cacao distribu\u00e9s aux agriculteurs de la L\u00e9ki\u00e9<\/a> est apparu en premier sur <a rel=\"nofollow\" href=\"https:\/\/ecomatin.net\/\">EcoMatin<\/a>.<\/p>\n<\/div>\n<p>Auteur: Amina MALLOUM<br \/>\n<a href=\"https:\/\/ecomatin.net\/nhpc-76-000-plants-de-cacao-distribues-s-aux-agriculteurs-de-la-lekie\/\">Cliquez ici pour lire l&rsquo;article depuis sa source.<\/a><\/p>\n","protected":false},"excerpt":{"rendered":"<p>Alors qu\u2019on table sur une hausse de 20% de la production de cacao au courant de la campagne \u00a02022-2023, la soci\u00e9t\u00e9 en charge de la construction du barrage de Nachtigal, Nachtigal Hydro Power Company (Nhpc), dans une mise \u00e0 jours\u00a0des activit\u00e9s rendue publique le 23 mai, a annonc\u00e9 qu\u2019elle a proc\u00e9d\u00e9 \u00e0 la distribution de [&hellip;]<\/p>\n","protected":false},"author":1969,"featured_media":0,"comment_status":"closed","ping_status":"closed","sticky":false,"template":"","format":"standard","meta":{"fifu_image_url":"","fifu_image_alt":"","footnotes":""},"categories":[82,78],"tags":[],"class_list":["post-148663","post","type-post","status-publish","format-standard","hentry","category-cameroun","category-economie"],"_links":{"self":[{"href":"https:\/\/linitiative.ca\/International\/wp-json\/wp\/v2\/posts\/148663","targetHints":{"allow":["GET"]}}],"collection":[{"href":"https:\/\/linitiative.ca\/International\/wp-json\/wp\/v2\/posts"}],"about":[{"href":"https:\/\/linitiative.ca\/International\/wp-json\/wp\/v2\/types\/post"}],"author":[{"embeddable":true,"href":"https:\/\/linitiative.ca\/International\/wp-json\/wp\/v2\/users\/1969"}],"replies":[{"embeddable":true,"href":"https:\/\/linitiative.ca\/International\/wp-json\/wp\/v2\/comments?post=148663"}],"version-history":[{"count":0,"href":"https:\/\/linitiative.ca\/International\/wp-json\/wp\/v2\/posts\/148663\/revisions"}],"wp:attachment":[{"href":"https:\/\/linitiative.ca\/International\/wp-json\/wp\/v2\/media?parent=148663"}],"wp:term":[{"taxonomy":"category","embeddable":true,"href":"https:\/\/linitiative.ca\/International\/wp-json\/wp\/v2\/categories?post=148663"},{"taxonomy":"post_tag","embeddable":true,"href":"https:\/\/linitiative.ca\/International\/wp-json\/wp\/v2\/tags?post=148663"}],"curies":[{"name":"wp","href":"https:\/\/api.w.org\/{rel}","templated":true}]}}