{"id":148664,"date":"2022-05-27T09:59:39","date_gmt":"2022-05-27T13:59:39","guid":{"rendered":"https:\/\/linitiative.ca\/International\/le-maroc-elu-au-conseil-executif-de-loms-pour-la-periode-2022-2025\/"},"modified":"2022-05-27T09:59:39","modified_gmt":"2022-05-27T13:59:39","slug":"le-maroc-elu-au-conseil-executif-de-loms-pour-la-periode-2022-2025","status":"publish","type":"post","link":"https:\/\/linitiative.ca\/International\/le-maroc-elu-au-conseil-executif-de-loms-pour-la-periode-2022-2025\/","title":{"rendered":"Le Maroc \u00e9lu au Conseil ex\u00e9cutif de l\u2019OMS pour la p\u00e9riode 2022-2025"},"content":{"rendered":"<div>\n<p><img decoding=\"async\" width=\"300\" height=\"153\" src=\"https:\/\/linitiative.ca\/International\/wp-content\/uploads\/sites\/23\/2022\/05\/OMS-SanteCC81-300x153-1.jpg\" class=\"attachment-medium size-medium wp-post-image\" alt=\"\" loading=\"lazy\" srcset=\"https:\/\/linitiative.ca\/International\/wp-content\/uploads\/sites\/23\/2022\/05\/OMS-SanteCC81-300x153-1.jpg 300w, https:\/\/aujourdhui.ma\/wp-content\/uploads\/2021\/07\/OMS-Sante\u0301-274x140.jpg 274w, https:\/\/aujourdhui.ma\/wp-content\/uploads\/2021\/07\/OMS-Sante\u0301.jpg 746w, https:\/\/aujourdhui.ma\/wp-content\/uploads\/2021\/07\/OMS-Sante\u0301-165x84.jpg 165w, https:\/\/aujourdhui.ma\/wp-content\/uploads\/2021\/07\/OMS-Sante\u0301-702x358.jpg 702w\" sizes=\"auto, (max-width: 300px) 100vw, 300px\"><\/p>\n<p><strong>Le Royaume du Maroc a \u00e9t\u00e9 \u00e9lu au Conseil Ex\u00e9cutif de l\u2019Organisation Mondiale de la Sant\u00e9 (OMS) pour la p\u00e9riode 2022-2025, en tant que repr\u00e9sentant du groupe des Etats de la M\u00e9diterran\u00e9e Orientale (EMR), \u00e0 l\u2019occasion des travaux de la 75\u00e8me session de l\u2019Assembl\u00e9e Mondiale de la Sant\u00e9, qui se tiennent \u00e0 Gen\u00e8ve du 22 au 28 mai 2022, indique vendredi un communiqu\u00e9 du minist\u00e8re des Affaires \u00e9trang\u00e8res, de la Coop\u00e9ration africaine et des Marocains r\u00e9sidant \u00e0 l\u2019\u00e9tranger.<\/strong><\/p>\n<p><span id=\"more-409134\"><\/span><\/p>\n<p>Candidat \u00e0 l\u2019un des deux si\u00e8ges vacants au titre de la r\u00e9gion EMR, le Maroc a pu engranger l\u2019appui des Etats membres de l\u2019Organisation gr\u00e2ce \u00e0 la mobilisation de l\u2019ensemble de l\u2019appareil diplomatique du Royaume, en coordination \u00e9troite avec le minist\u00e8re de la Sant\u00e9 et de la Protection Sociale, souligne la m\u00eame source.<\/p>\n<p>\u00a0<\/p>\n<p>Cette \u00e9lection constitue un gage de la cr\u00e9dibilit\u00e9 de l\u2019action du Royaume au sein de l\u2019OMS pour la promotion de la sant\u00e9 mondiale, et refl\u00e8te la confiance de la communaut\u00e9 internationale en la pertinence de l\u2019approche du Maroc en mati\u00e8re de gestion de la pand\u00e9mie, conform\u00e9ment \u00e0 la Vision de Sa Majest\u00e9 le Roi Mohammed VI qui repose sur la proactivit\u00e9, la solidarit\u00e9 et la primaut\u00e9 de la sant\u00e9 des citoyens, rel\u00e8ve le communiqu\u00e9.<\/p>\n<p>\u00a0<\/p>\n<p>Le Maroc mettra \u00e0 profit son mandat pour contribuer \u00e0 la r\u00e9alisation de l\u2019objectif du \u00ab\u00a0triple milliard\u00a0\u00bb, sur lequel est ax\u00e9 le plan strat\u00e9gique quinquennal de l\u2019OMS, \u00e0 savoir prot\u00e9ger un milliard de personnes face aux situations d\u2019urgence, faire b\u00e9n\u00e9ficier un milliard de personnes de la couverture sanitaire universelle et garantir un meilleur \u00e9tat de sant\u00e9 et un plus grand bien-\u00eatre \u00e0 un milliard de personnes d\u2019ici 2023, indique le minist\u00e8re.<\/p>\n<p>\u00a0<\/p>\n<p>L\u2019OMS est une institution sp\u00e9cialis\u00e9e des Nations Unies charg\u00e9e de diriger et de coordonner la sant\u00e9 mondiale au sein du syst\u00e8me des Nations Unies, dont les principaux domaines d\u2019activit\u00e9 sont les maladies transmissibles et non-transmissibles, la pr\u00e9paration, la surveillance et la r\u00e9ponse aux crises, la promotion de la sant\u00e9 tout au long de la vie et le renforcement des syst\u00e8mes de sant\u00e9, rappelle le communiqu\u00e9, pr\u00e9cisant que le Conseil de l\u2019OMS, compos\u00e9 de 34 membres, est l\u2019instance charg\u00e9e de la mise en \u0153uvre des d\u00e9cisions et des directives de l\u2019Assembl\u00e9e Mondiale de la Sant\u00e9.<\/p>\n<\/div>\n<p>Auteur: ALM<br \/>\n<a href=\"https:\/\/aujourdhui.ma\/societe\/le-maroc-elu-au-conseil-executif-de-loms-pour-la-periode-2022-2025\">Cliquez ici pour lire l&rsquo;article depuis sa source.<\/a><\/p>\n","protected":false},"excerpt":{"rendered":"<p>Le Royaume du Maroc a \u00e9t\u00e9 \u00e9lu au Conseil Ex\u00e9cutif de l\u2019Organisation Mondiale de la Sant\u00e9 (OMS) pour la p\u00e9riode 2022-2025, en tant que repr\u00e9sentant du groupe des Etats de la M\u00e9diterran\u00e9e Orientale (EMR), \u00e0 l\u2019occasion des travaux de la 75\u00e8me session de l\u2019Assembl\u00e9e Mondiale de la Sant\u00e9, qui se tiennent \u00e0 Gen\u00e8ve du 22 [&hellip;]<\/p>\n","protected":false},"author":1759,"featured_media":0,"comment_status":"closed","ping_status":"closed","sticky":false,"template":"","format":"standard","meta":{"fifu_image_url":"https:\/\/aujourdhui.ma\/wp-content\/uploads\/2021\/07\/OMS-Sante\u0301-300x153.jpg","fifu_image_alt":"Le Maroc \u00e9lu au Conseil ex\u00e9cutif de l\u2019OMS pour la p\u00e9riode 2022-2025","footnotes":""},"categories":[73,54],"tags":[],"class_list":["post-148664","post","type-post","status-publish","format-standard","hentry","category-actualite","category-maroc"],"_links":{"self":[{"href":"https:\/\/linitiative.ca\/International\/wp-json\/wp\/v2\/posts\/148664","targetHints":{"allow":["GET"]}}],"collection":[{"href":"https:\/\/linitiative.ca\/International\/wp-json\/wp\/v2\/posts"}],"about":[{"href":"https:\/\/linitiative.ca\/International\/wp-json\/wp\/v2\/types\/post"}],"author":[{"embeddable":true,"href":"https:\/\/linitiative.ca\/International\/wp-json\/wp\/v2\/users\/1759"}],"replies":[{"embeddable":true,"href":"https:\/\/linitiative.ca\/International\/wp-json\/wp\/v2\/comments?post=148664"}],"version-history":[{"count":0,"href":"https:\/\/linitiative.ca\/International\/wp-json\/wp\/v2\/posts\/148664\/revisions"}],"wp:attachment":[{"href":"https:\/\/linitiative.ca\/International\/wp-json\/wp\/v2\/media?parent=148664"}],"wp:term":[{"taxonomy":"category","embeddable":true,"href":"https:\/\/linitiative.ca\/International\/wp-json\/wp\/v2\/categories?post=148664"},{"taxonomy":"post_tag","embeddable":true,"href":"https:\/\/linitiative.ca\/International\/wp-json\/wp\/v2\/tags?post=148664"}],"curies":[{"name":"wp","href":"https:\/\/api.w.org\/{rel}","templated":true}]}}