{"id":148666,"date":"2022-05-27T10:20:21","date_gmt":"2022-05-27T14:20:21","guid":{"rendered":"https:\/\/linitiative.ca\/International\/la-situation-epidemiologique-au-27-mai-2022\/"},"modified":"2022-05-27T10:20:21","modified_gmt":"2022-05-27T14:20:21","slug":"la-situation-epidemiologique-au-27-mai-2022","status":"publish","type":"post","link":"https:\/\/linitiative.ca\/International\/la-situation-epidemiologique-au-27-mai-2022\/","title":{"rendered":"La situation \u00e9pid\u00e9miologique au 27 mai 2022"},"content":{"rendered":"<div>\n<p><img decoding=\"async\" width=\"300\" height=\"153\" src=\"https:\/\/linitiative.ca\/International\/wp-content\/uploads\/sites\/23\/2022\/05\/coronamaroc-300x153-5.jpg\" class=\"attachment-medium size-medium wp-post-image\" alt=\"\" loading=\"lazy\" srcset=\"https:\/\/linitiative.ca\/International\/wp-content\/uploads\/sites\/23\/2022\/05\/coronamaroc-300x153-5.jpg 300w, https:\/\/aujourdhui.ma\/wp-content\/uploads\/2021\/05\/coronamaroc-274x140.jpg 274w, https:\/\/aujourdhui.ma\/wp-content\/uploads\/2021\/05\/coronamaroc.jpg 746w, https:\/\/aujourdhui.ma\/wp-content\/uploads\/2021\/05\/coronamaroc-165x84.jpg 165w, https:\/\/aujourdhui.ma\/wp-content\/uploads\/2021\/05\/coronamaroc-702x358.jpg 702w\" sizes=\"auto, (max-width: 300px) 100vw, 300px\"><\/p>\n<p>202 nouveaux cas soit un cumul de 1.167.527 cas \u00e0 ce jour.<br \/>\n82 gu\u00e9risons soit un cumul de 1.150.063 \u00e0 ce jour.<br \/>\nZ\u00c9RO D\u00c9C\u00c8S donc un cumul de 16.076 \u00e0 ce jour.<\/p>\n<p><strong>Nombre de personnes vaccin\u00e9es au 27\u00a0mai \u00e0 15H00<\/strong><\/p>\n<p>1\u00e8re dose :\u00a0<strong>24 829 680<\/strong><\/p>\n<p>2\u00e8me dose :\u00a0\u00a0<strong>23 310 335<\/strong><\/p>\n<p>3\u00e8me dose :\u00a0<strong>6 409 288<\/strong><\/p>\n<p><a href=\"https:\/\/linitiative.ca\/International\/wp-content\/uploads\/sites\/23\/2022\/05\/27_05_2022.Covidose.MAROC_Page_1-scaled-1.jpg\"><img loading=\"lazy\" decoding=\"async\" class=\"alignnone size-full wp-image-409137\" src=\"https:\/\/linitiative.ca\/International\/wp-content\/uploads\/sites\/23\/2022\/05\/27_05_2022.Covidose.MAROC_Page_1-scaled-1.jpg\" alt=\"\" width=\"1356\" height=\"2560\" srcset=\"https:\/\/linitiative.ca\/International\/wp-content\/uploads\/sites\/23\/2022\/05\/27_05_2022.Covidose.MAROC_Page_1-scaled-1.jpg 1356w, https:\/\/aujourdhui.ma\/wp-content\/uploads\/2022\/05\/27_05_2022.Covidose.MAROC_Page_1-159x300.jpg 159w, https:\/\/aujourdhui.ma\/wp-content\/uploads\/2022\/05\/27_05_2022.Covidose.MAROC_Page_1-542x1024.jpg 542w, https:\/\/aujourdhui.ma\/wp-content\/uploads\/2022\/05\/27_05_2022.Covidose.MAROC_Page_1-768x1450.jpg 768w, https:\/\/aujourdhui.ma\/wp-content\/uploads\/2022\/05\/27_05_2022.Covidose.MAROC_Page_1-813x1536.jpg 813w, https:\/\/aujourdhui.ma\/wp-content\/uploads\/2022\/05\/27_05_2022.Covidose.MAROC_Page_1-1085x2048.jpg 1085w\" sizes=\"auto, (max-width: 1356px) 100vw, 1356px\"><\/a> <a href=\"https:\/\/linitiative.ca\/International\/wp-content\/uploads\/sites\/23\/2022\/05\/27_05_2022.Covidose.MAROC_Page_2-scaled-1.jpg\"><img loading=\"lazy\" decoding=\"async\" class=\"alignnone size-full wp-image-409138\" src=\"https:\/\/linitiative.ca\/International\/wp-content\/uploads\/sites\/23\/2022\/05\/27_05_2022.Covidose.MAROC_Page_2-scaled-1.jpg\" alt=\"\" width=\"1356\" height=\"2560\" srcset=\"https:\/\/linitiative.ca\/International\/wp-content\/uploads\/sites\/23\/2022\/05\/27_05_2022.Covidose.MAROC_Page_2-scaled-1.jpg 1356w, https:\/\/aujourdhui.ma\/wp-content\/uploads\/2022\/05\/27_05_2022.Covidose.MAROC_Page_2-159x300.jpg 159w, https:\/\/aujourdhui.ma\/wp-content\/uploads\/2022\/05\/27_05_2022.Covidose.MAROC_Page_2-542x1024.jpg 542w, https:\/\/aujourdhui.ma\/wp-content\/uploads\/2022\/05\/27_05_2022.Covidose.MAROC_Page_2-768x1450.jpg 768w, https:\/\/aujourdhui.ma\/wp-content\/uploads\/2022\/05\/27_05_2022.Covidose.MAROC_Page_2-813x1536.jpg 813w, https:\/\/aujourdhui.ma\/wp-content\/uploads\/2022\/05\/27_05_2022.Covidose.MAROC_Page_2-1085x2048.jpg 1085w\" sizes=\"auto, (max-width: 1356px) 100vw, 1356px\"><\/a> <a href=\"https:\/\/linitiative.ca\/International\/wp-content\/uploads\/sites\/23\/2022\/05\/27_05_2022.Covidose.MAROC_Page_3-scaled-1.jpg\"><img loading=\"lazy\" decoding=\"async\" class=\"alignnone size-full wp-image-409139\" src=\"https:\/\/linitiative.ca\/International\/wp-content\/uploads\/sites\/23\/2022\/05\/27_05_2022.Covidose.MAROC_Page_3-scaled-1.jpg\" alt=\"\" width=\"1356\" height=\"2560\" srcset=\"https:\/\/linitiative.ca\/International\/wp-content\/uploads\/sites\/23\/2022\/05\/27_05_2022.Covidose.MAROC_Page_3-scaled-1.jpg 1356w, https:\/\/aujourdhui.ma\/wp-content\/uploads\/2022\/05\/27_05_2022.Covidose.MAROC_Page_3-159x300.jpg 159w, https:\/\/aujourdhui.ma\/wp-content\/uploads\/2022\/05\/27_05_2022.Covidose.MAROC_Page_3-542x1024.jpg 542w, https:\/\/aujourdhui.ma\/wp-content\/uploads\/2022\/05\/27_05_2022.Covidose.MAROC_Page_3-768x1450.jpg 768w, https:\/\/aujourdhui.ma\/wp-content\/uploads\/2022\/05\/27_05_2022.Covidose.MAROC_Page_3-813x1536.jpg 813w, https:\/\/aujourdhui.ma\/wp-content\/uploads\/2022\/05\/27_05_2022.Covidose.MAROC_Page_3-1085x2048.jpg 1085w\" sizes=\"auto, (max-width: 1356px) 100vw, 1356px\"><\/a><\/p>\n<p>\u00a0<\/p>\n<\/div>\n<p>Auteur: ALM<br \/>\n<a href=\"https:\/\/aujourdhui.ma\/societe\/la-situation-epidemiologique-au-27-mai-2022\">Cliquez ici pour lire l&rsquo;article depuis sa source.<\/a><\/p>\n","protected":false},"excerpt":{"rendered":"<p>202 nouveaux cas soit un cumul de 1.167.527 cas \u00e0 ce jour. 82 gu\u00e9risons soit un cumul de 1.150.063 \u00e0 ce jour. Z\u00c9RO D\u00c9C\u00c8S donc un cumul de 16.076 \u00e0 ce jour. Nombre de personnes vaccin\u00e9es au 27\u00a0mai \u00e0 15H00 1\u00e8re dose :\u00a024 829 680 2\u00e8me dose :\u00a0\u00a023 310 335 3\u00e8me dose :\u00a06 409 288 [&hellip;]<\/p>\n","protected":false},"author":1759,"featured_media":0,"comment_status":"closed","ping_status":"closed","sticky":false,"template":"","format":"standard","meta":{"fifu_image_url":"https:\/\/aujourdhui.ma\/wp-content\/uploads\/2021\/05\/coronamaroc-300x153.jpg","fifu_image_alt":"La situation \u00e9pid\u00e9miologique au 27 mai 2022","footnotes":""},"categories":[73,54],"tags":[],"class_list":["post-148666","post","type-post","status-publish","format-standard","hentry","category-actualite","category-maroc"],"_links":{"self":[{"href":"https:\/\/linitiative.ca\/International\/wp-json\/wp\/v2\/posts\/148666","targetHints":{"allow":["GET"]}}],"collection":[{"href":"https:\/\/linitiative.ca\/International\/wp-json\/wp\/v2\/posts"}],"about":[{"href":"https:\/\/linitiative.ca\/International\/wp-json\/wp\/v2\/types\/post"}],"author":[{"embeddable":true,"href":"https:\/\/linitiative.ca\/International\/wp-json\/wp\/v2\/users\/1759"}],"replies":[{"embeddable":true,"href":"https:\/\/linitiative.ca\/International\/wp-json\/wp\/v2\/comments?post=148666"}],"version-history":[{"count":0,"href":"https:\/\/linitiative.ca\/International\/wp-json\/wp\/v2\/posts\/148666\/revisions"}],"wp:attachment":[{"href":"https:\/\/linitiative.ca\/International\/wp-json\/wp\/v2\/media?parent=148666"}],"wp:term":[{"taxonomy":"category","embeddable":true,"href":"https:\/\/linitiative.ca\/International\/wp-json\/wp\/v2\/categories?post=148666"},{"taxonomy":"post_tag","embeddable":true,"href":"https:\/\/linitiative.ca\/International\/wp-json\/wp\/v2\/tags?post=148666"}],"curies":[{"name":"wp","href":"https:\/\/api.w.org\/{rel}","templated":true}]}}