{"id":148673,"date":"2022-05-26T14:00:00","date_gmt":"2022-05-26T18:00:00","guid":{"rendered":"https:\/\/linitiative.ca\/International\/terre-akal-ard\/"},"modified":"2022-05-26T14:00:00","modified_gmt":"2022-05-26T18:00:00","slug":"terre-akal-ard","status":"publish","type":"post","link":"https:\/\/linitiative.ca\/International\/terre-akal-ard\/","title":{"rendered":"Terre, Akal, Ard\u2026 !"},"content":{"rendered":"<div>\n<p class=\"has-black-color has-text-color\"><strong>\u00abAKAL\u00bb, ou encore \u00abARD\u00bb, est un concept respectivement en amazigh et en arabe qui a pour sens \u00abTERRE\u00bb est identique en symbole. Historiquement, la communaut\u00e9 marocaine s\u2019est toujours agripp\u00e9e \u00e0 mort aux fibres de ses tetres natales. Depuis d\u00e9j\u00e0 des lustres, ces attach\u00e9s s\u00e9culaires s\u2019insurgeaient de mani\u00e8re ferme, chaque fois que des intrus tentaient de les en d\u00e9poss\u00e9der ou leur porter pr\u00e9judice. L\u2019\u00e8re coloniale \u00e0 multiples phases, tant martiale pour recouvrer l\u2019ind\u00e9pendance de la nation que pacifique pour parachever la r\u00e9cup\u00e9ration des provinces du sud, ne faisait qu\u2019enhardir cette ardente d\u00e9votion de la terre, synonyme de l\u2019essence en b\u00e9n\u00e9diction. A pr\u00e9sent, le culte de la terre est inviolable et nul ne saurait badiner avec son impact existentiel, car, de tout temps, il repr\u00e9sentait la fiert\u00e9 et la condescendance de toute une patrie. Ceci \u00e9tant, quand on ne cessait de s\u2019\u00e9poumoner pour faire asseoir la justice sociale et territoriale, ce n\u2019\u00e9tait nullement une requ\u00eate casuelle ou tout au moins infond\u00e9e. C\u2019\u00e9tait, bien au contraire, une dol\u00e9ance qui r\u00e9clamait, avant tout l\u2019\u00e9quit\u00e9 dans la r\u00e9partition des richesses et, ensuite, la pr\u00e9vention contre les agressions que pouvait subir la terre ancestrale. Des manifestations de la terre ont l\u2019habitude de brandir haut et fort, le message de la territorialit\u00e9. Des alertes incitatrices et messag\u00e8res et des appels pr\u00e9ventifs\u00a0! Et ce n\u2019est pas en creusant des abreuvoirs dans les terres des exploitants \u00e0 l\u2019adresse des dromadaires, qu\u2019on pourrait r\u00e9soudre les probl\u00e8mes des nomades aux d\u00e9pens des s\u00e9dentaires ! Les richissimes notables chameliers qui imposent la loi de la jungle devraient cesser de subtiliser les terres des ayant-droits, par la fermet\u00e9 et l\u2019intransigeance des mesures \u00e0 entreprendre, dans un pays de droit et des institutions, comme on a toujours pr\u00e9tendu\u2026<\/strong><\/p>\n<p>L\u2019article <a rel=\"nofollow\" href=\"http:\/\/albayane.press.ma\/terre-akal-ard.html\">Terre, Akal, Ard\u2026 !<\/a> est apparu en premier sur <a rel=\"nofollow\" href=\"http:\/\/albayane.press.ma\/\">ALBAYANE<\/a>.<\/p>\n<\/div>\n<p>Auteur: M&rsquo;hammed rahal<br \/>\n<a href=\"http:\/\/albayane.press.ma\/terre-akal-ard.html\">Cliquez ici pour lire l&rsquo;article depuis sa source.<\/a><\/p>\n","protected":false},"excerpt":{"rendered":"<p>\u00abAKAL\u00bb, ou encore \u00abARD\u00bb, est un concept respectivement en amazigh et en arabe qui a pour sens \u00abTERRE\u00bb est identique en symbole. Historiquement, la communaut\u00e9 marocaine s\u2019est toujours agripp\u00e9e \u00e0 mort aux fibres de ses tetres natales. Depuis d\u00e9j\u00e0 des lustres, ces attach\u00e9s s\u00e9culaires s\u2019insurgeaient de mani\u00e8re ferme, chaque fois que des intrus tentaient de [&hellip;]<\/p>\n","protected":false},"author":1760,"featured_media":0,"comment_status":"closed","ping_status":"closed","sticky":false,"template":"","format":"standard","meta":{"fifu_image_url":"","fifu_image_alt":"","footnotes":""},"categories":[73,54],"tags":[],"class_list":["post-148673","post","type-post","status-publish","format-standard","hentry","category-actualite","category-maroc"],"_links":{"self":[{"href":"https:\/\/linitiative.ca\/International\/wp-json\/wp\/v2\/posts\/148673","targetHints":{"allow":["GET"]}}],"collection":[{"href":"https:\/\/linitiative.ca\/International\/wp-json\/wp\/v2\/posts"}],"about":[{"href":"https:\/\/linitiative.ca\/International\/wp-json\/wp\/v2\/types\/post"}],"author":[{"embeddable":true,"href":"https:\/\/linitiative.ca\/International\/wp-json\/wp\/v2\/users\/1760"}],"replies":[{"embeddable":true,"href":"https:\/\/linitiative.ca\/International\/wp-json\/wp\/v2\/comments?post=148673"}],"version-history":[{"count":0,"href":"https:\/\/linitiative.ca\/International\/wp-json\/wp\/v2\/posts\/148673\/revisions"}],"wp:attachment":[{"href":"https:\/\/linitiative.ca\/International\/wp-json\/wp\/v2\/media?parent=148673"}],"wp:term":[{"taxonomy":"category","embeddable":true,"href":"https:\/\/linitiative.ca\/International\/wp-json\/wp\/v2\/categories?post=148673"},{"taxonomy":"post_tag","embeddable":true,"href":"https:\/\/linitiative.ca\/International\/wp-json\/wp\/v2\/tags?post=148673"}],"curies":[{"name":"wp","href":"https:\/\/api.w.org\/{rel}","templated":true}]}}