{"id":148676,"date":"2022-05-26T14:00:00","date_gmt":"2022-05-26T18:00:00","guid":{"rendered":"https:\/\/linitiative.ca\/International\/notre-objectif-est-daccompagner-10-000-jeunes-meritants-dici-2030\/"},"modified":"2022-05-26T14:00:00","modified_gmt":"2022-05-26T18:00:00","slug":"notre-objectif-est-daccompagner-10-000-jeunes-meritants-dici-2030","status":"publish","type":"post","link":"https:\/\/linitiative.ca\/International\/notre-objectif-est-daccompagner-10-000-jeunes-meritants-dici-2030\/","title":{"rendered":"\u00abNotre objectif est d\u2019accompagner 10.000 jeunes m\u00e9ritants d\u2019ici 2030\u00bb"},"content":{"rendered":"<div>\n<p class=\"has-text-align-center has-vivid-red-color has-text-color\"><strong>Hamid Benelfadil, pr\u00e9sident de Jadara Foundation<\/strong><strong><\/strong><\/p>\n<p class=\"has-text-align-right has-black-color has-text-color\"><strong>Propos recueillis par A\u00efmen Bouzoggaghe<\/strong><\/p>\n<p class=\"has-black-color has-text-color\"><strong>La Fondation Marocaine de l\u2019Etudiant qui \u0153uvre depuis 2001 pour soutenir les \u00e9tudiants m\u00e9ritants, issus des milieux d\u00e9favoris\u00e9s, dans leurs \u00e9tudes universitaires et les accompagner jusqu\u2019\u00e0 l\u2019insertion professionnelle, a r\u00e9cemment chang\u00e9 sa d\u00e9nomination pour devenir Jadara Foundation. Hamid Benelfadil pr\u00e9sident de l\u2019association a bien voulu r\u00e9pondre aux questions d\u2019Al Bayane pour donner plus de d\u00e9tails sur les ambitions et le plan d\u2019action qui accompagnent ce changement de nom.<\/strong><\/p>\n<p class=\"has-black-color has-text-color\"><strong>Apr\u00e8s plus de 20 ans d\u2019existence la Fondation Marocaine de l\u2019Etudiant est devenue Jadara Foundation. Pourquoi ce changement de d\u00e9nomination\u00a0?<\/strong><\/p>\n<p class=\"has-black-color has-text-color\">Jadara Foundation (Ex fondation Marocaine de l\u2019Etudiant) agit depuis 20 ans en tant qu\u2019acteur dynamique dans l\u2019accompagnement des jeunes bacheliers m\u00e9ritants et issus de milieux sociaux d\u00e9favoris\u00e9s pour la r\u00e9alisation de leur projet de vie. Le changement de d\u00e9nomination vient pour renforcer son positionnement sur le territoire de m\u00e9rite en accompagnant d\u2019autres populations aussi m\u00e9ritantes et vuln\u00e9rables \u00e0 avoir acc\u00e8s \u00e0 l\u2019ascension sociale.<\/p>\n<p class=\"has-black-color has-text-color\"><strong>Pourriez-vous nous donner un aper\u00e7u sur le processus de s\u00e9lection\u00a0?<\/strong><\/p>\n<p class=\"has-black-color has-text-color\">Dans le cadre du programme R\u00e9ussir par Jadara, la Fondation a lanc\u00e9 en mars l\u2019appel \u00e0 candidature \u00e0 son programme de bourses afin de permettre aux futurs bacheliers brillants et issus des milieux d\u00e9favoris\u00e9s de poursuivre leurs \u00e9tudes sup\u00e9rieures \u00e0 la hauteur de leur excellence acad\u00e9mique. Trois crit\u00e8res d\u00e9terminent l\u2019admission du candidat(e)\u00a0: son excellence acad\u00e9mique, sa situation socio-\u00e9conomique, son projet de vie.<\/p>\n<p class=\"has-black-color has-text-color\">\u00a0Les candidats d\u00e9posent les documents justifiant leur situation sur le site <a href=\"http:\/\/www.jadara.foundation\/\">www.jadara.foundation<\/a> jusqu\u2019au 15 juin 2022. L\u2019\u00e9quipe de la Fondation traite les demandes de bourses au fur et \u00e0 mesure pour assister les candidats. Apr\u00e8s l\u2019examen national du baccalaur\u00e9at, les candidats finalisent leur dossier par la note obtenue et peuvent passer par la suite des tests de langues et des entretiens de motivation. Le processus est totalement digitalis\u00e9, et chaque candidat obtient un score pour \u00eatre class\u00e9s, \u00e0 date d\u2019aujourd\u2019hui plus de 18.000 candidatures sont d\u00e9pos\u00e9es.<\/p>\n<p class=\"has-black-color has-text-color\"><strong>Comment assurez-vous l\u2019insertion professionnelle\u00a0de vos b\u00e9n\u00e9ficiaires laur\u00e9ats\u00a0?<\/strong><\/p>\n<p class=\"has-black-color has-text-color\">Nos programmes d\u2019accompagnement permettent aux b\u00e9n\u00e9ficiaires de renforcer leur employabilit\u00e9 d\u00e8s leur premi\u00e8re ann\u00e9e au cycle sup\u00e9rieur. Des experts en gestion des ressources humaines et en insertion professionnelle animent tout au long de l\u2019ann\u00e9e des ateliers et s\u00e9minaires pour former les jeunes en pr\u00e9paration des entretiens de stage\/d\u2019embauche, r\u00e9daction de CV et les techniques de recherche d\u2019emploi. Selon une \u00e9tude r\u00e9alis\u00e9e en 2018, 80% de nos b\u00e9n\u00e9ficiaires r\u00e9ussissent \u00e0 int\u00e9grer le march\u00e9 d\u2019emploi apr\u00e8s 6 mois de leur diplomation.<\/p>\n<p class=\"has-black-color has-text-color\"><strong>Quels sont les objectifs de Jadara Foundation \u00e0 court et \u00e0 moyen terme\u00a0?<\/strong><\/p>\n<p class=\"has-black-color has-text-color\">Notre objectif d\u2019ici 2030, est de permettre \u00e0 10.000 jeunes m\u00e9ritants d\u2019occuper la place qu\u2019ils m\u00e9ritent dans la soci\u00e9t\u00e9. Afin d\u2019y arriver, la Fondation doit int\u00e9grer 1000 b\u00e9n\u00e9ficiaires chaque ann\u00e9e. L\u2019engagement des acteurs de l\u2019\u00e9cosyst\u00e8me autour de notre cause, notamment des entreprises, m\u00e9c\u00e8nes, \u00e9coles et universit\u00e9s et les citoyens g\u00e9n\u00e9reux est fortement sollicit\u00e9 pour mobiliser les ressources financi\u00e8res n\u00e9cessaires pour favoriser l\u2019inclusion sociale des jeunes m\u00e9ritants.<\/p>\n<p>L\u2019article <a rel=\"nofollow\" href=\"http:\/\/albayane.press.ma\/notre-objectif-est-daccompagner-10-000-jeunes-meritants-dici-2030.html\">\u00abNotre objectif est d\u2019accompagner 10.000 jeunes m\u00e9ritants d\u2019ici 2030\u00bb<\/a> est apparu en premier sur <a rel=\"nofollow\" href=\"http:\/\/albayane.press.ma\/\">ALBAYANE<\/a>.<\/p>\n<\/div>\n<p>Auteur: M&rsquo;hammed rahal<br \/>\n<a href=\"http:\/\/albayane.press.ma\/notre-objectif-est-daccompagner-10-000-jeunes-meritants-dici-2030.html\">Cliquez ici pour lire l&rsquo;article depuis sa source.<\/a><\/p>\n","protected":false},"excerpt":{"rendered":"<p>Hamid Benelfadil, pr\u00e9sident de Jadara Foundation Propos recueillis par A\u00efmen Bouzoggaghe La Fondation Marocaine de l\u2019Etudiant qui \u0153uvre depuis 2001 pour soutenir les \u00e9tudiants m\u00e9ritants, issus des milieux d\u00e9favoris\u00e9s, dans leurs \u00e9tudes universitaires et les accompagner jusqu\u2019\u00e0 l\u2019insertion professionnelle, a r\u00e9cemment chang\u00e9 sa d\u00e9nomination pour devenir Jadara Foundation. Hamid Benelfadil pr\u00e9sident de l\u2019association a bien [&hellip;]<\/p>\n","protected":false},"author":1760,"featured_media":0,"comment_status":"closed","ping_status":"closed","sticky":false,"template":"","format":"standard","meta":{"fifu_image_url":"","fifu_image_alt":"","footnotes":""},"categories":[73,54],"tags":[],"class_list":["post-148676","post","type-post","status-publish","format-standard","hentry","category-actualite","category-maroc"],"_links":{"self":[{"href":"https:\/\/linitiative.ca\/International\/wp-json\/wp\/v2\/posts\/148676","targetHints":{"allow":["GET"]}}],"collection":[{"href":"https:\/\/linitiative.ca\/International\/wp-json\/wp\/v2\/posts"}],"about":[{"href":"https:\/\/linitiative.ca\/International\/wp-json\/wp\/v2\/types\/post"}],"author":[{"embeddable":true,"href":"https:\/\/linitiative.ca\/International\/wp-json\/wp\/v2\/users\/1760"}],"replies":[{"embeddable":true,"href":"https:\/\/linitiative.ca\/International\/wp-json\/wp\/v2\/comments?post=148676"}],"version-history":[{"count":0,"href":"https:\/\/linitiative.ca\/International\/wp-json\/wp\/v2\/posts\/148676\/revisions"}],"wp:attachment":[{"href":"https:\/\/linitiative.ca\/International\/wp-json\/wp\/v2\/media?parent=148676"}],"wp:term":[{"taxonomy":"category","embeddable":true,"href":"https:\/\/linitiative.ca\/International\/wp-json\/wp\/v2\/categories?post=148676"},{"taxonomy":"post_tag","embeddable":true,"href":"https:\/\/linitiative.ca\/International\/wp-json\/wp\/v2\/tags?post=148676"}],"curies":[{"name":"wp","href":"https:\/\/api.w.org\/{rel}","templated":true}]}}