{"id":148680,"date":"2022-05-27T09:29:53","date_gmt":"2022-05-27T13:29:53","guid":{"rendered":"https:\/\/linitiative.ca\/International\/2eme-exposition-de-la-vente-aux-encheres-un-printemps-marocain\/"},"modified":"2022-05-27T09:29:53","modified_gmt":"2022-05-27T13:29:53","slug":"2eme-exposition-de-la-vente-aux-encheres-un-printemps-marocain","status":"publish","type":"post","link":"https:\/\/linitiative.ca\/International\/2eme-exposition-de-la-vente-aux-encheres-un-printemps-marocain\/","title":{"rendered":"2\u00e8me exposition de la vente aux ench\u00e8res \u00ab\u00a0Un Printemps Marocain\u00a0\u00bb"},"content":{"rendered":"<div>\n<div style=\"margin-bottom:20px;\"><img loading=\"lazy\" decoding=\"async\" width=\"750\" height=\"430\" src=\"https:\/\/linitiative.ca\/International\/wp-content\/uploads\/sites\/23\/2022\/05\/expo-copier.jpg\" class=\"attachment-post-thumbnail size-post-thumbnail wp-post-image\" alt=\"\" srcset=\"https:\/\/linitiative.ca\/International\/wp-content\/uploads\/sites\/23\/2022\/05\/expo-copier.jpg 750w, https:\/\/www.mapmarrakech.ma\/map\/uploads\/2022\/05\/expo-copier-300x172.jpg 300w\" sizes=\"auto, (max-width: 750px) 100vw, 750px\"><\/div>\n<p>Initi\u00e9e par la Maison Artcurial Maroc, cette exposition qui se poursuit jusqu\u2019au 28 mai courant, jour de la vente aux ench\u00e8res des \u0153uvres expos\u00e9es, se d\u00e9cline en deux chapitres : \u00ab\u00a0Majorelle &amp; ses Contemporains\u00a0\u00bb et \u00ab\u00a0Art Moderne &amp; Contemporain Marocain et international\u00a0\u00bb.<\/p>\n<p>Lors de cette vente, Artcurial Maroc aura \u00e0 pr\u00e9senter quelque 132 lots o\u00f9 se c\u00f4toient des artistes tels que Majorelle, Dinet, Azema et Gharbaoui.<\/p>\n<p>A travers cette vente-e\u0301ve\u0300nement, Artcurial Maroc est heureuse de renouveler son soutien \u00e0 l\u2019Association Chourouk, cre\u0301e\u0301e pour permettre l\u2019acce\u0300s de jeunes enfants a\u0300 l\u2019e\u0301ducation pre\u0301scolaire, via la construction d\u2019une \u00e9cole maternelle dans le village de Douar El-Bared, situe\u0301 aux environs de Tahanout, chef- lieu de la province d\u2019Al Haouz.<\/p>\n<p>Cette session d\u00e9voile ainsi des \u0153uvres rares et historiques, dont une de Mohamed Melehi, intitule\u0301e \u00ab\u00a0Flamme\u00a0\u00bb qui a \u00e9t\u00e9 re\u0301alise\u0301e en 1969. Il s\u2019agit d\u2019une toile in\u00e9dite ayant une qualit\u00e9 mus\u00e9ale \u00e9lev\u00e9e et qui est conserv\u00e9e dans une collection prive\u0301e depuis sa cr\u00e9ation. Pr\u00e9sent\u00e9e pour la premi\u00e8re fois aux ench\u00e8res, elle inaugure la s\u00e9rie des c\u00e9l\u00e8bres Flammes d\u00e9velopp\u00e9e par l\u2019artiste.<\/p>\n<p>Autre premi\u00e8re aux enche\u0300res : \u00ab\u00a0Les Amies endormies\u00a0\u00bb de Jacques Majorelle, une oeuvre audacieuse et pleine de beaut\u00e9 qui est re\u0301alise\u0301e dans les anne\u0301es 30. Des \u0153uvres de Dinet, une collection d\u2019Azema et de nombreuses sculptures viennent, entre autres, enrichir cette deuxi\u00e8me \u00e9dition printani\u00e8re, qui ne manque pas de c\u00e9l\u00e9brer d\u2019autres grands artistes tels que Gharbaoui, Glaoui ou encore Rabi.<\/p>\n<p>\u00ab\u00a0Apr\u00e8s une p\u00e9riode longue et difficile due \u00e0 la pand\u00e9mie, nous sommes ravis de retrouver nos collectionneurs que nous remercions pour leur fid\u00e9lit\u00e9\u00a0\u00bb, s\u2019est f\u00e9licit\u00e9 M. Olivier Berman, Directeur de la Maison Artcurial Maroc dans une d\u00e9claration \u00e0 M24, la Chaine t\u00e9l\u00e9vis\u00e9e de l\u2019information en continu de la MAP.<\/p>\n<p>Pour cette deuxi\u00e8me \u00e9dition du Printemps Marocain, \u00ab\u00a0nous sommes tr\u00e8s heureux de pr\u00e9senter cette \u0153uvre historique et mus\u00e9ale de Mohamed Melehi, Flamme, r\u00e9alis\u00e9e en 1969 et rest\u00e9e inconnue du public jusqu\u2019\u00e0 ce jour\u00a0\u00bb, a soulign\u00e9 M. Berman, affirmant que Marrakech, la ville-lumi\u00e8re et la source d\u2019inspirations de grands artistes, \u00ab\u00a0est bien partie pour devenir la capitale africaine de l\u2019art\u00a0\u00bb.<\/p>\n<p>\u00ab\u00a0D\u00e8s le 19e si\u00e8cle, les artistes qui cherchaient la lumi\u00e8re descendaient du Nord vers le Sud pour jeter l\u2019ancre \u00e0 Marrakech, la ville-lumi\u00e8re et la source d\u2019inspiration de grands artistes, tel que Jacques Majorelle\u00a0\u00bb, a-t-il relev\u00e9, estimant que la cit\u00e9 ocre a largement consolid\u00e9 sa position en tant que destination de choix pour la promotion d\u2019\u0153uvres artistiques.<\/p>\n<p>Dans le chapitre \u00ab\u00a0Majorelle &amp; ses Contemporains\u00a0\u00bb de cette exposition in\u00e9dite, quatre \u0153uvres de Jacques Majorelle sont propos\u00e9es \u00e0 la vente. Parmi ses sujets de pr\u00e9dilection, figurent ses embl\u00e9matiques Kasbahs et sc\u00e8nes de souk, \u00e0 l\u2019instar de son huile sur toile, Souk a\u0300 Marrakech, illustrant son amour pour la lumi\u00e8re et les jeux de contrastes.<\/p>\n<p>Pr\u00e9sent\u00e9e pour la premi\u00e8re fois aux ench\u00e8res, \u00ab\u00a0Les Amies endormies de Jacques Majorelle\u00a0\u00bb est r\u00e9alis\u00e9e dans les ann\u00e9es 30. Cette composition appartient \u00e0 un chapitre tr\u00e8s important de l\u2019oeuvre de Jacques Majorelle, celui dit des \u00ab\u00a0Nus noirs\u00a0\u00bb, qui commence en 1931.<\/p>\n<p>Dans ce m\u00eame chapitre, six \u0153uvres de Dinet sont propos\u00e9es. \u00ab\u00a0Repos a\u0300 l\u2019ombre, Bou-Sa\u00e2da 1888\u00a0\u00bb, \u00ab\u00a0Une place a\u0300 Bou-Sa\u00e2da 1894\u00a0\u00bb, \u00ab\u00a0La marche silencieuse (la procession) 1917\u00a0\u00bb, \u00ab\u00a0Jeune fille au turban violet\u00a0\u00bb, \u00ab\u00a0Ouled Nail\u00a0\u00bb et \u00ab\u00a0Baigneuse\u00a0\u00bb.<\/p>\n<p>C\u2019est dire qu\u2019Etienne Dinet s\u2019attache \u00e0 retranscrire de la ville de Bou-Sa\u00e2da, sa lumi\u00e8re, ses places et ses habitants qui le fascinent. Il partage avec justesse la luminosit\u00e9 dor\u00e9e qui \u00e9mane de ce lieu particulier pour l\u2019artiste et o\u00f9, il souhaitera \u00eatre inhum\u00e9.<\/p>\n<p>Pour sa part, le chapitre \u00ab\u00a0Art Moderne &amp; Contemporain Marocain et International\u00a0\u00bb rend hommage \u00e0 un panel d\u2019artistes de renom. Nous y d\u00e9couvrons une \u0153uvre majeure et historique de Mohamed Melehi, intitul\u00e9e Flamme.<\/p>\n<p>Cette toile in\u00e9dite, conserv\u00e9e dans une collection priv\u00e9e depuis sa cr\u00e9ation est r\u00e9alis\u00e9e en 1969, ann\u00e9e importante dans le parcours artistique de Melehi.<\/p>\n<p>Dans ce m\u00eame chapitre, une \u0153uvre forte de Gharbaoui est \u00e9galement propos\u00e9e \u00e0 la vente. \u00ab\u00a0La qu\u00eate de la lumi\u00e8re est pour moi capitale. La lumi\u00e8re ne trompe pas. Elle nous lave les yeux\u00a0\u00bb, \u00e9crit Jilali Gharbaoui.<\/p>\n<p>Cette exposition donne \u00e0 voir et \u00e0 appr\u00e9cier \u00e9galement une belle collection de gouaches et de dessins de Jacques Azema avec, entre autres, Hammam un pastel sur carton.<\/p>\n<p>The post <a rel=\"nofollow\" href=\"https:\/\/www.mapmarrakech.ma\/fr\/2eme-exposition-de-la-vente-aux-encheres-un-printemps-marocain\/\">2\u00e8me exposition de la vente aux ench\u00e8res \u00ab\u00a0Un Printemps Marocain\u00a0\u00bb<\/a> appeared first on <a rel=\"nofollow\" href=\"https:\/\/www.mapmarrakech.ma\/fr\">MapMarrakech<\/a>.<\/p>\n<\/div>\n<p>Auteur: Meriem IGASS<br \/>\n<a href=\"https:\/\/www.mapmarrakech.ma\/fr\/2eme-exposition-de-la-vente-aux-encheres-un-printemps-marocain\/\">Cliquez ici pour lire l&rsquo;article depuis sa source.<\/a><\/p>\n","protected":false},"excerpt":{"rendered":"<p>Initi\u00e9e par la Maison Artcurial Maroc, cette exposition qui se poursuit jusqu\u2019au 28 mai courant, jour de la vente aux ench\u00e8res des \u0153uvres expos\u00e9es, se d\u00e9cline en deux chapitres : \u00ab\u00a0Majorelle &amp; ses Contemporains\u00a0\u00bb et \u00ab\u00a0Art Moderne &amp; Contemporain Marocain et international\u00a0\u00bb. Lors de cette vente, Artcurial Maroc aura \u00e0 pr\u00e9senter quelque 132 lots o\u00f9 [&hellip;]<\/p>\n","protected":false},"author":1788,"featured_media":0,"comment_status":"closed","ping_status":"closed","sticky":false,"template":"","format":"standard","meta":{"fifu_image_url":"https:\/\/www.mapmarrakech.ma\/map\/uploads\/2022\/05\/expo-copier.jpg","fifu_image_alt":"2\u00e8me exposition de la vente aux ench\u00e8res \u00ab\u00a0Un Printemps Marocain\u00a0\u00bb","footnotes":""},"categories":[54,76],"tags":[],"class_list":["post-148680","post","type-post","status-publish","format-standard","hentry","category-maroc","category-regions"],"_links":{"self":[{"href":"https:\/\/linitiative.ca\/International\/wp-json\/wp\/v2\/posts\/148680","targetHints":{"allow":["GET"]}}],"collection":[{"href":"https:\/\/linitiative.ca\/International\/wp-json\/wp\/v2\/posts"}],"about":[{"href":"https:\/\/linitiative.ca\/International\/wp-json\/wp\/v2\/types\/post"}],"author":[{"embeddable":true,"href":"https:\/\/linitiative.ca\/International\/wp-json\/wp\/v2\/users\/1788"}],"replies":[{"embeddable":true,"href":"https:\/\/linitiative.ca\/International\/wp-json\/wp\/v2\/comments?post=148680"}],"version-history":[{"count":0,"href":"https:\/\/linitiative.ca\/International\/wp-json\/wp\/v2\/posts\/148680\/revisions"}],"wp:attachment":[{"href":"https:\/\/linitiative.ca\/International\/wp-json\/wp\/v2\/media?parent=148680"}],"wp:term":[{"taxonomy":"category","embeddable":true,"href":"https:\/\/linitiative.ca\/International\/wp-json\/wp\/v2\/categories?post=148680"},{"taxonomy":"post_tag","embeddable":true,"href":"https:\/\/linitiative.ca\/International\/wp-json\/wp\/v2\/tags?post=148680"}],"curies":[{"name":"wp","href":"https:\/\/api.w.org\/{rel}","templated":true}]}}