{"id":148682,"date":"2022-05-27T09:43:29","date_gmt":"2022-05-27T13:43:29","guid":{"rendered":"https:\/\/linitiative.ca\/International\/rehabilitation-de-lancienne-medina-etat-davancement\/"},"modified":"2022-05-27T09:43:29","modified_gmt":"2022-05-27T13:43:29","slug":"rehabilitation-de-lancienne-medina-etat-davancement","status":"publish","type":"post","link":"https:\/\/linitiative.ca\/International\/rehabilitation-de-lancienne-medina-etat-davancement\/","title":{"rendered":"R\u00e9habilitation de l\u2019ancienne m\u00e9dina: Etat d\u2019avancement"},"content":{"rendered":"<div>\n<div style=\"margin-bottom:20px;\"><img loading=\"lazy\" decoding=\"async\" width=\"750\" height=\"430\" src=\"https:\/\/linitiative.ca\/International\/wp-content\/uploads\/sites\/23\/2022\/05\/Essaouira-tourisme-copier-1.jpg\" class=\"attachment-post-thumbnail size-post-thumbnail wp-post-image\" alt=\"\" srcset=\"https:\/\/linitiative.ca\/International\/wp-content\/uploads\/sites\/23\/2022\/05\/Essaouira-tourisme-copier-1.jpg 750w, https:\/\/www.mapmarrakech.ma\/map\/uploads\/2021\/12\/Essaouira-tourisme-copier-1-300x172.jpg 300w\" sizes=\"auto, (max-width: 750px) 100vw, 750px\"><\/div>\n<p>Pr\u00e9sid\u00e9e par le gouverneur de la province, M. Adil El Maliki, en pr\u00e9sence notamment des pr\u00e9sidents des Conseils provincial et communal d\u2019Essaouira, du repr\u00e9sentant du Fonds Hassan II pour le D\u00e9veloppement Economique et Social, des chefs des diff\u00e9rents services ext\u00e9rieurs concern\u00e9s et des autorit\u00e9s locales, cette rencontre se veut l\u2019occasion de faire le point sur les diff\u00e9rentes op\u00e9rations pr\u00e9vues et d\u2019examiner les \u00e9tapes franchies par chaque projet dans le cadre de ce chantier strat\u00e9gique.<\/p>\n<p>Dans un mot \u00e0 cette occasion, M. El Maliki a r\u00e9it\u00e9r\u00e9 son appel \u00e0 la n\u00e9cessit\u00e9 du respect des d\u00e9lais fix\u00e9s pour ce programme, dont l\u2019ex\u00e9cution entame la derni\u00e8re ligne droite, tout en gardant \u00e0 l\u2019esprit les questions de rigueur en termes de qualit\u00e9 des travaux et des interventions pour la pr\u00e9servation de l\u2019esprit et de la philosophie de ce chantier d\u2019envergure.<\/p>\n<p>Le gouverneur a, dans la foul\u00e9e, mis en avant l\u2019impact positif de ce programme sur les conditions de vie des citoyens au sein de ce tissu urbain ancestral, notamment en termes de garantie d\u2019habitat d\u00e9cent \u00e0 la faveur des op\u00e9rations de restauration programm\u00e9es dans ce sens, rappelant la cr\u00e9ation de la Soci\u00e9t\u00e9 de D\u00e9veloppement Local (SDL) \u00ab\u00a0Essaouira Culture Arts et Patrimoine SA\u00a0\u00bb, dont l\u2019apport sera ind\u00e9niable, en particulier en mati\u00e8re de maintenance pour la p\u00e9rennisation des actions r\u00e9alis\u00e9es.<\/p>\n<p>De son c\u00f4t\u00e9, le directeur de l\u2019agence d\u2019Al Omrane Essaouira-Chichaoua, M. Hassan Boustta, a pr\u00e9sent\u00e9 un expos\u00e9 exhaustif sur l\u2019\u00e9tat d\u2019avancement de chaque projet pr\u00e9vu par ce programme, qui mobilise des investissements de l\u2019ordre de 300 millions de DH.<\/p>\n<p>Apr\u00e8s avoir rappel\u00e9 les principales recommandations des r\u00e9unions pr\u00e9c\u00e9dentes dudit Comit\u00e9 provincial, il a pr\u00e9cis\u00e9 que le taux d\u2019avancement global de ce grand chantier s\u2019\u00e9l\u00e8ve actuellement \u00e0 53,4%.<\/p>\n<p>Notant que ce programme porte sur 27 projets au total, le responsable a \u00e9galement fait savoir que 5 projets ont \u00e9t\u00e9 achev\u00e9s et 13 sont en cours de r\u00e9alisation, alors que le reste des projets sont en phase d\u2019\u00e9tude ou en stade de lancement des appels d\u2019offres.<\/p>\n<p>A travers ces r\u00e9unions p\u00e9riodiques, l\u2019autorit\u00e9 provinciale veille \u00e0 assurer le suivi minutieux de l\u2019\u00e9tat d\u2019avancement des travaux et op\u00e9rations pr\u00e9vus dans le cadre de ce programme, qui vient conforter la dynamique multidimensionnelle que conna\u00eet la Cit\u00e9 des Aliz\u00e9s.<\/p>\n<p>A noter que ce chantier de r\u00e9habilitation, qui b\u00e9n\u00e9ficie aux 13.000 habitants de la m\u00e9dina, porte sur une s\u00e9rie de projets s\u2019articulant autour de quatre axes majeurs, \u00e0 savoir la r\u00e9habilitation de l\u2019espace urbain, la restauration et la mise en valeur du patrimoine historique, la promotion de l\u2019acc\u00e8s aux services sociaux et le renforcement de l\u2019attractivit\u00e9 touristique et \u00e9conomique de l\u2019ancienne m\u00e9dina d\u2019Essaouira.<\/p>\n<p>\u00c9labor\u00e9 conform\u00e9ment aux Hautes Instructions Royales, ce programme de nouvelle g\u00e9n\u00e9ration est le fruit d\u2019un partenariat entre le Fonds Hassan II pour le d\u00e9veloppement \u00e9conomique et social, plusieurs d\u00e9partements minist\u00e9riels, le Conseil de la r\u00e9gion de Marrakech-Safi, le Conseil Communal d\u2019Essaouira et le Groupe Al-Omrane.<\/p>\n<p>Le programme compl\u00e9mentaire de r\u00e9habilitation de l\u2019ancienne m\u00e9dina d\u2019Essaouira 2019-2023 s\u2019inscrit dans le cadre des efforts d\u00e9ploy\u00e9s, sous le leadership clairvoyant de SM le Roi Mohammed VI, pour la pr\u00e9servation et la mise en valeur des anciennes m\u00e9dinas dans plusieurs villes du Royaume comme Rabat, Casablanca, Marrakech, F\u00e8s, Mekn\u00e8s, Sal\u00e9 et T\u00e9touan.<\/p>\n<p>The post <a rel=\"nofollow\" href=\"https:\/\/www.mapmarrakech.ma\/fr\/rehabilitation-de-lancienne-medina-etat-davancement-du-programme\/\">R\u00e9habilitation de l\u2019ancienne m\u00e9dina: Etat d\u2019avancement<\/a> appeared first on <a rel=\"nofollow\" href=\"https:\/\/www.mapmarrakech.ma\/fr\">MapMarrakech<\/a>.<\/p>\n<\/div>\n<p>Auteur: Meriem IGASS<br \/>\n<a href=\"https:\/\/www.mapmarrakech.ma\/fr\/rehabilitation-de-lancienne-medina-etat-davancement-du-programme\/\">Cliquez ici pour lire l&rsquo;article depuis sa source.<\/a><\/p>\n","protected":false},"excerpt":{"rendered":"<p>Pr\u00e9sid\u00e9e par le gouverneur de la province, M. Adil El Maliki, en pr\u00e9sence notamment des pr\u00e9sidents des Conseils provincial et communal d\u2019Essaouira, du repr\u00e9sentant du Fonds Hassan II pour le D\u00e9veloppement Economique et Social, des chefs des diff\u00e9rents services ext\u00e9rieurs concern\u00e9s et des autorit\u00e9s locales, cette rencontre se veut l\u2019occasion de faire le point sur [&hellip;]<\/p>\n","protected":false},"author":1788,"featured_media":0,"comment_status":"closed","ping_status":"closed","sticky":false,"template":"","format":"standard","meta":{"fifu_image_url":"https:\/\/www.mapmarrakech.ma\/map\/uploads\/2021\/12\/Essaouira-tourisme-copier-1.jpg","fifu_image_alt":"R\u00e9habilitation de l\u2019ancienne m\u00e9dina: Etat d\u2019avancement","footnotes":""},"categories":[54,76],"tags":[],"class_list":["post-148682","post","type-post","status-publish","format-standard","hentry","category-maroc","category-regions"],"_links":{"self":[{"href":"https:\/\/linitiative.ca\/International\/wp-json\/wp\/v2\/posts\/148682","targetHints":{"allow":["GET"]}}],"collection":[{"href":"https:\/\/linitiative.ca\/International\/wp-json\/wp\/v2\/posts"}],"about":[{"href":"https:\/\/linitiative.ca\/International\/wp-json\/wp\/v2\/types\/post"}],"author":[{"embeddable":true,"href":"https:\/\/linitiative.ca\/International\/wp-json\/wp\/v2\/users\/1788"}],"replies":[{"embeddable":true,"href":"https:\/\/linitiative.ca\/International\/wp-json\/wp\/v2\/comments?post=148682"}],"version-history":[{"count":0,"href":"https:\/\/linitiative.ca\/International\/wp-json\/wp\/v2\/posts\/148682\/revisions"}],"wp:attachment":[{"href":"https:\/\/linitiative.ca\/International\/wp-json\/wp\/v2\/media?parent=148682"}],"wp:term":[{"taxonomy":"category","embeddable":true,"href":"https:\/\/linitiative.ca\/International\/wp-json\/wp\/v2\/categories?post=148682"},{"taxonomy":"post_tag","embeddable":true,"href":"https:\/\/linitiative.ca\/International\/wp-json\/wp\/v2\/tags?post=148682"}],"curies":[{"name":"wp","href":"https:\/\/api.w.org\/{rel}","templated":true}]}}