{"id":148694,"date":"2022-05-27T10:21:16","date_gmt":"2022-05-27T14:21:16","guid":{"rendered":"https:\/\/linitiative.ca\/International\/bad-vers-la-mise-en-place-dune-banque-dinvestissement-pour-les-jeunes\/"},"modified":"2022-05-27T10:21:16","modified_gmt":"2022-05-27T14:21:16","slug":"bad-vers-la-mise-en-place-dune-banque-dinvestissement-pour-les-jeunes","status":"publish","type":"post","link":"https:\/\/linitiative.ca\/International\/bad-vers-la-mise-en-place-dune-banque-dinvestissement-pour-les-jeunes\/","title":{"rendered":"BAD : Vers la mise en place d\u2019une banque d\u2019investissement pour les jeunes"},"content":{"rendered":"<div>\n<div class=\"field field-name-body field-type-text-with-summary field-label-hidden\">\n<div class=\"field-items\">\n<div class=\"field-item even\" property=\"content:encoded\">\n<p>La Banque africaine de d\u00e9veloppement (BAD) se penche sur la mise en place d\u2019une banque d\u2019investissement pour les jeunes, a annonc\u00e9 son pr\u00e9sident, Akinwumi Adesina.<\/p>\n<p>\u00ab\u00a0Cette banque d\u2019investissement vise \u00e0 donner aux jeunes plus d\u2019opportunit\u00e9s de se former, d\u2019investir et de cr\u00e9er des emplois pour eux-m\u00eames\u00a0\u00bb, a expliqu\u00e9 M. Adesina qui intervenait lors de la c\u00e9l\u00e9bration de la Journ\u00e9e de l\u2019Afrique, organis\u00e9e en marge des Assembl\u00e9es annuelles du Groupe de la Banque africaine de d\u00e9veloppement (23-27 mai \u00e0 Accra).<\/p>\n<\/div>\n<\/div>\n<\/div>\n<\/div>\n<p>Auteur: mbasraoui<br \/>\n<a href=\"https:\/\/www.leconomiste.com\/flash-infos\/bad-vers-la-mise-en-place-d-une-banque-d-investissement-pour-les-jeunes\">Cliquez ici pour lire l&rsquo;article depuis sa source.<\/a><\/p>\n","protected":false},"excerpt":{"rendered":"<p>La Banque africaine de d\u00e9veloppement (BAD) se penche sur la mise en place d\u2019une banque d\u2019investissement pour les jeunes, a annonc\u00e9 son pr\u00e9sident, Akinwumi Adesina. \u00ab\u00a0Cette banque d\u2019investissement vise \u00e0 donner aux jeunes plus d\u2019opportunit\u00e9s de se former, d\u2019investir et de cr\u00e9er des emplois pour eux-m\u00eames\u00a0\u00bb, a expliqu\u00e9 M. Adesina qui intervenait lors de la [&hellip;]<\/p>\n","protected":false},"author":1763,"featured_media":0,"comment_status":"closed","ping_status":"closed","sticky":false,"template":"","format":"standard","meta":{"fifu_image_url":"","fifu_image_alt":"","footnotes":""},"categories":[78,54],"tags":[],"class_list":["post-148694","post","type-post","status-publish","format-standard","hentry","category-economie","category-maroc"],"_links":{"self":[{"href":"https:\/\/linitiative.ca\/International\/wp-json\/wp\/v2\/posts\/148694","targetHints":{"allow":["GET"]}}],"collection":[{"href":"https:\/\/linitiative.ca\/International\/wp-json\/wp\/v2\/posts"}],"about":[{"href":"https:\/\/linitiative.ca\/International\/wp-json\/wp\/v2\/types\/post"}],"author":[{"embeddable":true,"href":"https:\/\/linitiative.ca\/International\/wp-json\/wp\/v2\/users\/1763"}],"replies":[{"embeddable":true,"href":"https:\/\/linitiative.ca\/International\/wp-json\/wp\/v2\/comments?post=148694"}],"version-history":[{"count":0,"href":"https:\/\/linitiative.ca\/International\/wp-json\/wp\/v2\/posts\/148694\/revisions"}],"wp:attachment":[{"href":"https:\/\/linitiative.ca\/International\/wp-json\/wp\/v2\/media?parent=148694"}],"wp:term":[{"taxonomy":"category","embeddable":true,"href":"https:\/\/linitiative.ca\/International\/wp-json\/wp\/v2\/categories?post=148694"},{"taxonomy":"post_tag","embeddable":true,"href":"https:\/\/linitiative.ca\/International\/wp-json\/wp\/v2\/tags?post=148694"}],"curies":[{"name":"wp","href":"https:\/\/api.w.org\/{rel}","templated":true}]}}