{"id":148697,"date":"2022-05-27T09:30:00","date_gmt":"2022-05-27T13:30:00","guid":{"rendered":"https:\/\/linitiative.ca\/International\/can-2023-qualifications-gr-f-1re-journee-algerie-ouganda-delocalise-au-stade-du-5-juillet\/"},"modified":"2022-05-27T09:30:00","modified_gmt":"2022-05-27T13:30:00","slug":"can-2023-qualifications-gr-f-1re-journee-algerie-ouganda-delocalise-au-stade-du-5-juillet","status":"publish","type":"post","link":"https:\/\/linitiative.ca\/International\/can-2023-qualifications-gr-f-1re-journee-algerie-ouganda-delocalise-au-stade-du-5-juillet\/","title":{"rendered":"CAN-2023 (Qualifications\/ Gr.F) 1re journ\u00e9e: Alg\u00e9rie-Ouganda d\u00e9localis\u00e9 au stade du 5-juillet"},"content":{"rendered":"<div>La FAF a introduit une demande aupr\u00e8s de La Conf\u00e9d\u00e9ration africaine de football (CAF) pour la domiciliation du match Alg\u00e9rie-Ouganda au stade du 5 juillet&#8230;<\/div>\n<p>Auteur:<br \/>\n<a href=\"https:\/\/www.lebuteur.com\/article\/detail?titre=can-2023-qualifications-grf-1re-journee-algerie-ouganda-delocalise-au-stade-du-5-juillet&#038;id=102936\">Cliquez ici pour lire l&rsquo;article depuis sa source.<\/a><\/p>\n","protected":false},"excerpt":{"rendered":"<p>La FAF a introduit une demande aupr\u00e8s de La Conf\u00e9d\u00e9ration africaine de football (CAF) pour la domiciliation du match Alg\u00e9rie-Ouganda au stade du 5 juillet&#8230; Auteur: Cliquez ici pour lire l&rsquo;article depuis sa source.<\/p>\n","protected":false},"author":1738,"featured_media":0,"comment_status":"closed","ping_status":"closed","sticky":false,"template":"","format":"standard","meta":{"fifu_image_url":"","fifu_image_alt":"","footnotes":""},"categories":[53,75],"tags":[],"class_list":["post-148697","post","type-post","status-publish","format-standard","hentry","category-algerie","category-sport"],"_links":{"self":[{"href":"https:\/\/linitiative.ca\/International\/wp-json\/wp\/v2\/posts\/148697","targetHints":{"allow":["GET"]}}],"collection":[{"href":"https:\/\/linitiative.ca\/International\/wp-json\/wp\/v2\/posts"}],"about":[{"href":"https:\/\/linitiative.ca\/International\/wp-json\/wp\/v2\/types\/post"}],"author":[{"embeddable":true,"href":"https:\/\/linitiative.ca\/International\/wp-json\/wp\/v2\/users\/1738"}],"replies":[{"embeddable":true,"href":"https:\/\/linitiative.ca\/International\/wp-json\/wp\/v2\/comments?post=148697"}],"version-history":[{"count":0,"href":"https:\/\/linitiative.ca\/International\/wp-json\/wp\/v2\/posts\/148697\/revisions"}],"wp:attachment":[{"href":"https:\/\/linitiative.ca\/International\/wp-json\/wp\/v2\/media?parent=148697"}],"wp:term":[{"taxonomy":"category","embeddable":true,"href":"https:\/\/linitiative.ca\/International\/wp-json\/wp\/v2\/categories?post=148697"},{"taxonomy":"post_tag","embeddable":true,"href":"https:\/\/linitiative.ca\/International\/wp-json\/wp\/v2\/tags?post=148697"}],"curies":[{"name":"wp","href":"https:\/\/api.w.org\/{rel}","templated":true}]}}