{"id":148702,"date":"2022-05-27T07:18:00","date_gmt":"2022-05-27T11:18:00","guid":{"rendered":"https:\/\/linitiative.ca\/International\/pour-un-traitement-democratique-de-la-question-climatique-tenir-fermement-ensemble-les-questions-ecologiques-democratiques-et-sociales\/"},"modified":"2022-05-27T07:18:00","modified_gmt":"2022-05-27T11:18:00","slug":"pour-un-traitement-democratique-de-la-question-climatique-tenir-fermement-ensemble-les-questions-ecologiques-democratiques-et-sociales","status":"publish","type":"post","link":"https:\/\/linitiative.ca\/International\/pour-un-traitement-democratique-de-la-question-climatique-tenir-fermement-ensemble-les-questions-ecologiques-democratiques-et-sociales\/","title":{"rendered":"Pour un traitement d\u00e9mocratique de la question climatique: tenir fermement ensemble les questions \u00e9cologiques, d\u00e9mocratiques et sociales"},"content":{"rendered":"<div><img decoding=\"async\" src=\"https:\/\/linitiative.ca\/International\/wp-content\/uploads\/sites\/23\/2022\/05\/1653649051_article.jpg\" alt=\"Pour un traitement d\u00e9mocratique de la question climatique: tenir fermement ensemble les questions \u00e9cologiques, d\u00e9mocratiques et sociales\" align=\"left\">Par Pr Samir Allal &#8211; La transition \u00e9cologique et sociale passe par une transformation profonde de nos institutions et de l&rsquo;appareil productif, mais aussi par des changements de comportement des acteurs priv\u00e9s et publics. Nous ne sommes toujours pas sur la bonne voie, et aucun pays n&rsquo;a r\u00e9ussi \u00e0 atteindre les objectifs de r\u00e9duction des \u00e9missions des gaz \u00e0 effet de serre(GES) fix\u00e9s par l&rsquo;accord de Paris sur le climat.<br \/>\nLa crise \u00e9cologique ne se r\u00e9duit pas au changement climatique, m\u00eame si celui-ci occupe la plus grande place dans le d\u00e9bat environnemental : elle concerne tout autant la d\u00e9gradation de la biodiversit\u00e9, l&rsquo;\u00e9puisement des ressources naturelles et la destruction des &#8230;<\/p>\n<\/div>\n<p>Auteur:<br \/>\n<a href=\"https:\/\/www.leaders.com.tn\/article\/33400-pour-un-traitement-democratique-de-la-question-climatique-tenir-fermement-ensemble-les-questions-ecologiques-democratiques-et-sociales\">Cliquez ici pour lire l&rsquo;article depuis sa source.<\/a><\/p>\n","protected":false},"excerpt":{"rendered":"<p>Par Pr Samir Allal &#8211; La transition \u00e9cologique et sociale passe par une transformation profonde de nos institutions et de l&rsquo;appareil productif, mais aussi par des changements de comportement des acteurs priv\u00e9s et publics. Nous ne sommes toujours pas sur la bonne voie, et aucun pays n&rsquo;a r\u00e9ussi \u00e0 atteindre les objectifs de r\u00e9duction des [&hellip;]<\/p>\n","protected":false},"author":1772,"featured_media":0,"comment_status":"closed","ping_status":"closed","sticky":false,"template":"","format":"standard","meta":{"fifu_image_url":"http:\/\/www.leaders.com.tn\/uploads\/content\/thumbnails_small\/1653649051_article.jpg","fifu_image_alt":"Pour un traitement d\u00e9mocratique de la question climatique: tenir fermement ensemble les questions \u00e9cologiques, d\u00e9mocratiques et sociales","footnotes":""},"categories":[73,55],"tags":[],"class_list":["post-148702","post","type-post","status-publish","format-standard","hentry","category-actualite","category-tunisie"],"_links":{"self":[{"href":"https:\/\/linitiative.ca\/International\/wp-json\/wp\/v2\/posts\/148702","targetHints":{"allow":["GET"]}}],"collection":[{"href":"https:\/\/linitiative.ca\/International\/wp-json\/wp\/v2\/posts"}],"about":[{"href":"https:\/\/linitiative.ca\/International\/wp-json\/wp\/v2\/types\/post"}],"author":[{"embeddable":true,"href":"https:\/\/linitiative.ca\/International\/wp-json\/wp\/v2\/users\/1772"}],"replies":[{"embeddable":true,"href":"https:\/\/linitiative.ca\/International\/wp-json\/wp\/v2\/comments?post=148702"}],"version-history":[{"count":0,"href":"https:\/\/linitiative.ca\/International\/wp-json\/wp\/v2\/posts\/148702\/revisions"}],"wp:attachment":[{"href":"https:\/\/linitiative.ca\/International\/wp-json\/wp\/v2\/media?parent=148702"}],"wp:term":[{"taxonomy":"category","embeddable":true,"href":"https:\/\/linitiative.ca\/International\/wp-json\/wp\/v2\/categories?post=148702"},{"taxonomy":"post_tag","embeddable":true,"href":"https:\/\/linitiative.ca\/International\/wp-json\/wp\/v2\/tags?post=148702"}],"curies":[{"name":"wp","href":"https:\/\/api.w.org\/{rel}","templated":true}]}}