{"id":148706,"date":"2022-05-27T10:15:00","date_gmt":"2022-05-27T14:15:00","guid":{"rendered":"https:\/\/linitiative.ca\/International\/la-commission-de-venise-il-nest-pas-realiste-de-prevoir-dorganiser-de-maniere-credible-et-legitime-un-referendum-constitutionnel-le-25-juillet-2022\/"},"modified":"2022-05-27T10:15:00","modified_gmt":"2022-05-27T14:15:00","slug":"la-commission-de-venise-il-nest-pas-realiste-de-prevoir-dorganiser-de-maniere-credible-et-legitime-un-referendum-constitutionnel-le-25-juillet-2022","status":"publish","type":"post","link":"https:\/\/linitiative.ca\/International\/la-commission-de-venise-il-nest-pas-realiste-de-prevoir-dorganiser-de-maniere-credible-et-legitime-un-referendum-constitutionnel-le-25-juillet-2022\/","title":{"rendered":"La Commission de Venise : Il n\u2019est pas r\u00e9aliste de pr\u00e9voir d\u2019organiser de mani\u00e8re cr\u00e9dible et l\u00e9gitime un r\u00e9f\u00e9rendum constitutionnel le 25 juillet 2022"},"content":{"rendered":"<div><img decoding=\"async\" src=\"https:\/\/linitiative.ca\/International\/wp-content\/uploads\/sites\/23\/2022\/05\/1653657350_article.jpg\" alt=\" La Commission de Venise : Il n\u2019est pas r\u00e9aliste de pr\u00e9voir d\u2019organiser de mani\u00e8re cr\u00e9dible et l\u00e9gitime un r\u00e9f\u00e9rendum constitutionnel le 25 juillet 2022\" align=\"left\">\u00ab\u00a0La Commission de Venise r\u00e9serve express\u00e9ment sa position sur la compatibilit\u00e9 de l\u2019ensemble des d\u00e9crets pr\u00e9sidentiels et d\u00e9crets-lois adopt\u00e9s par le Pr\u00e9sident de la R\u00e9publique \u00e0 partir du 26 juillet 2021 avec les standards internationaux et avec la Constitution de la Tunisie (en l\u2019absence d\u2019une cour constitutionnelle)\u00a0\u00bb. Elle est d\u2019avis que le d\u00e9cret-loi n\u00b0 2022-22 devrait \u00eatre abrog\u00e9. Dans un avis rendu vendredi 27 mai 2022 sur le cadre constitutionnel et l\u00e9gislatif concernant le referendum et les \u00e9lections annonc\u00e9es par le pr\u00e9sident de la R\u00e9publique, et notamment sur le d\u00e9cret-loi n\u00b022 du 22 avril 2022 amendant et compl\u00e9tant la loi organique sur l&rsquo;instance &#8230;<\/p>\n<\/div>\n<p>Auteur:<br \/>\n<a href=\"https:\/\/www.leaders.com.tn\/article\/33402-la-commission-de-venise-il-n-est-pas-realiste-de-prevoir-d-organiser-de-maniere-credible-et-legitime-un-referendum-constitutionnel-le-25-juillet-2022\">Cliquez ici pour lire l&rsquo;article depuis sa source.<\/a><\/p>\n","protected":false},"excerpt":{"rendered":"<p>\u00ab\u00a0La Commission de Venise r\u00e9serve express\u00e9ment sa position sur la compatibilit\u00e9 de l\u2019ensemble des d\u00e9crets pr\u00e9sidentiels et d\u00e9crets-lois adopt\u00e9s par le Pr\u00e9sident de la R\u00e9publique \u00e0 partir du 26 juillet 2021 avec les standards internationaux et avec la Constitution de la Tunisie (en l\u2019absence d\u2019une cour constitutionnelle)\u00a0\u00bb. Elle est d\u2019avis que le d\u00e9cret-loi n\u00b0 2022-22 [&hellip;]<\/p>\n","protected":false},"author":1772,"featured_media":0,"comment_status":"closed","ping_status":"closed","sticky":false,"template":"","format":"standard","meta":{"fifu_image_url":"http:\/\/www.leaders.com.tn\/uploads\/content\/thumbnails_small\/1653657350_article.jpg","fifu_image_alt":"La Commission de Venise : Il n\u2019est pas r\u00e9aliste de pr\u00e9voir d\u2019organiser de mani\u00e8re cr\u00e9dible et l\u00e9gitime un r\u00e9f\u00e9rendum constitutionnel le 25 juillet 2022","footnotes":""},"categories":[73,55],"tags":[],"class_list":["post-148706","post","type-post","status-publish","format-standard","hentry","category-actualite","category-tunisie"],"_links":{"self":[{"href":"https:\/\/linitiative.ca\/International\/wp-json\/wp\/v2\/posts\/148706","targetHints":{"allow":["GET"]}}],"collection":[{"href":"https:\/\/linitiative.ca\/International\/wp-json\/wp\/v2\/posts"}],"about":[{"href":"https:\/\/linitiative.ca\/International\/wp-json\/wp\/v2\/types\/post"}],"author":[{"embeddable":true,"href":"https:\/\/linitiative.ca\/International\/wp-json\/wp\/v2\/users\/1772"}],"replies":[{"embeddable":true,"href":"https:\/\/linitiative.ca\/International\/wp-json\/wp\/v2\/comments?post=148706"}],"version-history":[{"count":0,"href":"https:\/\/linitiative.ca\/International\/wp-json\/wp\/v2\/posts\/148706\/revisions"}],"wp:attachment":[{"href":"https:\/\/linitiative.ca\/International\/wp-json\/wp\/v2\/media?parent=148706"}],"wp:term":[{"taxonomy":"category","embeddable":true,"href":"https:\/\/linitiative.ca\/International\/wp-json\/wp\/v2\/categories?post=148706"},{"taxonomy":"post_tag","embeddable":true,"href":"https:\/\/linitiative.ca\/International\/wp-json\/wp\/v2\/tags?post=148706"}],"curies":[{"name":"wp","href":"https:\/\/api.w.org\/{rel}","templated":true}]}}