{"id":148708,"date":"2022-05-27T11:34:00","date_gmt":"2022-05-27T15:34:00","guid":{"rendered":"https:\/\/linitiative.ca\/International\/creation-dune-chaire-unesco-a-linsat-former-les-ingenieur-e-s-aux-enjeux-de-la-transition-socio-ecologique\/"},"modified":"2022-05-27T11:34:00","modified_gmt":"2022-05-27T15:34:00","slug":"creation-dune-chaire-unesco-a-linsat-former-les-ingenieur-e-s-aux-enjeux-de-la-transition-socio-ecologique","status":"publish","type":"post","link":"https:\/\/linitiative.ca\/International\/creation-dune-chaire-unesco-a-linsat-former-les-ingenieur-e-s-aux-enjeux-de-la-transition-socio-ecologique\/","title":{"rendered":"Cr\u00e9ation d\u2019une chaire UNESCO \u00e0 l\u2019INSAT : Former les ing\u00e9nieur.e.s aux enjeux de la transition socio-\u00e9cologique"},"content":{"rendered":"<div><img decoding=\"async\" src=\"https:\/\/linitiative.ca\/International\/wp-content\/uploads\/sites\/23\/2022\/05\/1653663100_article.jpg\" alt=\"Cr\u00e9ation d\u2019une chaire UNESCO \u00e0 l\u2019INSAT : Former les ing\u00e9nieur.e.s aux enjeux de la transition socio-\u00e9cologique\" align=\"left\">Pr. Samir Hamza, Directeur de l\u2019INSAT<br \/>\nProgramme UNITWIN \/ Chaires UNESCO<br \/>\nLes chaires UNESCO sont \u00e9tablies au sein des universit\u00e9s dans le cadre du programme UNITWIN de l&rsquo;UNESCO (programme pour le jumelage et la mise en r\u00e9seau des universit\u00e9s), lanc\u00e9 en 1992. Elles visent \u00e0 faire avancer la recherche, la formation et le d\u00e9veloppement de programme dans tous les domaines de comp\u00e9tence de l&rsquo;UNESCO, tout en promouvant la coop\u00e9ration Nord-Sud\u00a0 et Sud-Sud.<br \/>\nLes principaux b\u00e9n\u00e9ficiaires de ce programme sont les \u00e9tablissements d&rsquo;enseignement sup\u00e9rieur dans les pays en d\u00e9veloppement et les pays en transition. Un certain nombre de chaires UNESCO ont \u00e9t\u00e9 cr\u00e9\u00e9es au fil des ans sur &#8230;<\/p>\n<\/div>\n<p>Auteur:<br \/>\n<a href=\"https:\/\/www.leaders.com.tn\/article\/33404-creation-d-une-chaire-unesco-a-l-insat-former-les-ingenieur-e-s-aux-enjeux-de-la-transition-socio-ecologique\">Cliquez ici pour lire l&rsquo;article depuis sa source.<\/a><\/p>\n","protected":false},"excerpt":{"rendered":"<p>Pr. Samir Hamza, Directeur de l\u2019INSAT Programme UNITWIN \/ Chaires UNESCO Les chaires UNESCO sont \u00e9tablies au sein des universit\u00e9s dans le cadre du programme UNITWIN de l&rsquo;UNESCO (programme pour le jumelage et la mise en r\u00e9seau des universit\u00e9s), lanc\u00e9 en 1992. Elles visent \u00e0 faire avancer la recherche, la formation et le d\u00e9veloppement de [&hellip;]<\/p>\n","protected":false},"author":1772,"featured_media":0,"comment_status":"closed","ping_status":"closed","sticky":false,"template":"","format":"standard","meta":{"fifu_image_url":"http:\/\/www.leaders.com.tn\/uploads\/content\/thumbnails_small\/1653663100_article.jpg","fifu_image_alt":"Cr\u00e9ation d\u2019une chaire UNESCO \u00e0 l\u2019INSAT : Former les ing\u00e9nieur.e.s aux enjeux de la transition socio-\u00e9cologique","footnotes":""},"categories":[73,55],"tags":[],"class_list":["post-148708","post","type-post","status-publish","format-standard","hentry","category-actualite","category-tunisie"],"_links":{"self":[{"href":"https:\/\/linitiative.ca\/International\/wp-json\/wp\/v2\/posts\/148708","targetHints":{"allow":["GET"]}}],"collection":[{"href":"https:\/\/linitiative.ca\/International\/wp-json\/wp\/v2\/posts"}],"about":[{"href":"https:\/\/linitiative.ca\/International\/wp-json\/wp\/v2\/types\/post"}],"author":[{"embeddable":true,"href":"https:\/\/linitiative.ca\/International\/wp-json\/wp\/v2\/users\/1772"}],"replies":[{"embeddable":true,"href":"https:\/\/linitiative.ca\/International\/wp-json\/wp\/v2\/comments?post=148708"}],"version-history":[{"count":0,"href":"https:\/\/linitiative.ca\/International\/wp-json\/wp\/v2\/posts\/148708\/revisions"}],"wp:attachment":[{"href":"https:\/\/linitiative.ca\/International\/wp-json\/wp\/v2\/media?parent=148708"}],"wp:term":[{"taxonomy":"category","embeddable":true,"href":"https:\/\/linitiative.ca\/International\/wp-json\/wp\/v2\/categories?post=148708"},{"taxonomy":"post_tag","embeddable":true,"href":"https:\/\/linitiative.ca\/International\/wp-json\/wp\/v2\/tags?post=148708"}],"curies":[{"name":"wp","href":"https:\/\/api.w.org\/{rel}","templated":true}]}}