{"id":148713,"date":"2022-05-27T15:55:20","date_gmt":"2022-05-27T19:55:20","guid":{"rendered":"https:\/\/linitiative.ca\/International\/tunisie-un-avocat-decede-en-pleine-plaidoirie-au-tribunal-de-premiere-instance-de-tunis\/"},"modified":"2022-05-27T15:55:20","modified_gmt":"2022-05-27T19:55:20","slug":"tunisie-un-avocat-decede-en-pleine-plaidoirie-au-tribunal-de-premiere-instance-de-tunis","status":"publish","type":"post","link":"https:\/\/linitiative.ca\/International\/tunisie-un-avocat-decede-en-pleine-plaidoirie-au-tribunal-de-premiere-instance-de-tunis\/","title":{"rendered":"Tunisie \u2013 Un avocat d\u00e9c\u00e8de en pleine plaidoirie au tribunal de premi\u00e8re instance de Tunis"},"content":{"rendered":"<div>\n<p>L\u2019avocat Larbi Zarrouk, est d\u00e9c\u00e9d\u00e9, ce vendredi, en pleine plaidoirie au tribunal de premi\u00e8re instance de Tunis. Il a succomb\u00e9 \u00e0 une crise cardiaque, malgr\u00e9 les efforts de r\u00e9animation prodigu\u00e9s par ses coll\u00e8gues.<\/p>\n<p>L\u2019article <a href=\"https:\/\/www.tunisienumerique.com\/tunisie-un-avocat-decede-en-pleine-plaidoirie-au-tribunal-de-premiere-instance-de-tunis\/\">Tunisie \u2013 Un avocat d\u00e9c\u00e8de en pleine plaidoirie au tribunal de premi\u00e8re instance de Tunis<\/a> est apparu en premier sur <a href=\"https:\/\/www.tunisienumerique.com\/\">Tunisie<\/a>.<\/p>\n<\/div>\n<p>Auteur: LM<br \/>\n<a href=\"https:\/\/www.tunisienumerique.com\/tunisie-un-avocat-decede-en-pleine-plaidoirie-au-tribunal-de-premiere-instance-de-tunis\/\">Cliquez ici pour lire l&rsquo;article depuis sa source.<\/a><\/p>\n","protected":false},"excerpt":{"rendered":"<p>L\u2019avocat Larbi Zarrouk, est d\u00e9c\u00e9d\u00e9, ce vendredi, en pleine plaidoirie au tribunal de premi\u00e8re instance de Tunis. Il a succomb\u00e9 \u00e0 une crise cardiaque, malgr\u00e9 les efforts de r\u00e9animation prodigu\u00e9s par ses coll\u00e8gues. L\u2019article Tunisie \u2013 Un avocat d\u00e9c\u00e8de en pleine plaidoirie au tribunal de premi\u00e8re instance de Tunis est apparu en premier sur Tunisie. [&hellip;]<\/p>\n","protected":false},"author":1789,"featured_media":0,"comment_status":"closed","ping_status":"closed","sticky":false,"template":"","format":"standard","meta":{"fifu_image_url":"","fifu_image_alt":"","footnotes":""},"categories":[73,55],"tags":[],"class_list":["post-148713","post","type-post","status-publish","format-standard","hentry","category-actualite","category-tunisie"],"_links":{"self":[{"href":"https:\/\/linitiative.ca\/International\/wp-json\/wp\/v2\/posts\/148713","targetHints":{"allow":["GET"]}}],"collection":[{"href":"https:\/\/linitiative.ca\/International\/wp-json\/wp\/v2\/posts"}],"about":[{"href":"https:\/\/linitiative.ca\/International\/wp-json\/wp\/v2\/types\/post"}],"author":[{"embeddable":true,"href":"https:\/\/linitiative.ca\/International\/wp-json\/wp\/v2\/users\/1789"}],"replies":[{"embeddable":true,"href":"https:\/\/linitiative.ca\/International\/wp-json\/wp\/v2\/comments?post=148713"}],"version-history":[{"count":0,"href":"https:\/\/linitiative.ca\/International\/wp-json\/wp\/v2\/posts\/148713\/revisions"}],"wp:attachment":[{"href":"https:\/\/linitiative.ca\/International\/wp-json\/wp\/v2\/media?parent=148713"}],"wp:term":[{"taxonomy":"category","embeddable":true,"href":"https:\/\/linitiative.ca\/International\/wp-json\/wp\/v2\/categories?post=148713"},{"taxonomy":"post_tag","embeddable":true,"href":"https:\/\/linitiative.ca\/International\/wp-json\/wp\/v2\/tags?post=148713"}],"curies":[{"name":"wp","href":"https:\/\/api.w.org\/{rel}","templated":true}]}}