{"id":148714,"date":"2022-05-27T16:13:16","date_gmt":"2022-05-27T20:13:16","guid":{"rendered":"https:\/\/linitiative.ca\/International\/tunisie-les-jardins-de-carthage-arrestation-dune-femme-condamnee-a-plus-de-70-ans-de-prison\/"},"modified":"2022-05-27T16:13:16","modified_gmt":"2022-05-27T20:13:16","slug":"tunisie-les-jardins-de-carthage-arrestation-dune-femme-condamnee-a-plus-de-70-ans-de-prison","status":"publish","type":"post","link":"https:\/\/linitiative.ca\/International\/tunisie-les-jardins-de-carthage-arrestation-dune-femme-condamnee-a-plus-de-70-ans-de-prison\/","title":{"rendered":"Tunisie \u2013 Les jardins de Carthage\u00a0: Arrestation d\u2019une femme condamn\u00e9e \u00e0 plus de 70 ans de prison"},"content":{"rendered":"<div>\n<p>Les agents du poste de police de La Marsa ouest ont tendu une embuscade \u00e0 une femme suspecte qui se rendait souvent \u00e0 un caf\u00e9 des jardins de Carthage. Ils ont r\u00e9ussi \u00e0 l\u2019arr\u00eater apr\u00e8s une v\u00e9rification d\u2019identit\u00e9 qui a r\u00e9v\u00e9l\u00e9 qu\u2019elle \u00e9tait recherch\u00e9e par la justice, et condamn\u00e9e a plus de 70 ans de [\u2026]<\/p>\n<p>L\u2019article <a href=\"https:\/\/www.tunisienumerique.com\/tunisie-les-jardins-de-carthage-arrestation-dune-femme-condamnee-a-plus-de-70-ans-de-prison\/\">Tunisie \u2013 Les jardins de Carthage\u00a0: Arrestation d\u2019une femme condamn\u00e9e \u00e0 plus de 70 ans de prison<\/a> est apparu en premier sur <a href=\"https:\/\/www.tunisienumerique.com\/\">Tunisie<\/a>.<\/p>\n<\/div>\n<p>Auteur: LM<br \/>\n<a href=\"https:\/\/www.tunisienumerique.com\/tunisie-les-jardins-de-carthage-arrestation-dune-femme-condamnee-a-plus-de-70-ans-de-prison\/\">Cliquez ici pour lire l&rsquo;article depuis sa source.<\/a><\/p>\n","protected":false},"excerpt":{"rendered":"<p>Les agents du poste de police de La Marsa ouest ont tendu une embuscade \u00e0 une femme suspecte qui se rendait souvent \u00e0 un caf\u00e9 des jardins de Carthage. Ils ont r\u00e9ussi \u00e0 l\u2019arr\u00eater apr\u00e8s une v\u00e9rification d\u2019identit\u00e9 qui a r\u00e9v\u00e9l\u00e9 qu\u2019elle \u00e9tait recherch\u00e9e par la justice, et condamn\u00e9e a plus de 70 ans de [&hellip;]<\/p>\n","protected":false},"author":1789,"featured_media":0,"comment_status":"closed","ping_status":"closed","sticky":false,"template":"","format":"standard","meta":{"fifu_image_url":"","fifu_image_alt":"","footnotes":""},"categories":[73,55],"tags":[],"class_list":["post-148714","post","type-post","status-publish","format-standard","hentry","category-actualite","category-tunisie"],"_links":{"self":[{"href":"https:\/\/linitiative.ca\/International\/wp-json\/wp\/v2\/posts\/148714","targetHints":{"allow":["GET"]}}],"collection":[{"href":"https:\/\/linitiative.ca\/International\/wp-json\/wp\/v2\/posts"}],"about":[{"href":"https:\/\/linitiative.ca\/International\/wp-json\/wp\/v2\/types\/post"}],"author":[{"embeddable":true,"href":"https:\/\/linitiative.ca\/International\/wp-json\/wp\/v2\/users\/1789"}],"replies":[{"embeddable":true,"href":"https:\/\/linitiative.ca\/International\/wp-json\/wp\/v2\/comments?post=148714"}],"version-history":[{"count":0,"href":"https:\/\/linitiative.ca\/International\/wp-json\/wp\/v2\/posts\/148714\/revisions"}],"wp:attachment":[{"href":"https:\/\/linitiative.ca\/International\/wp-json\/wp\/v2\/media?parent=148714"}],"wp:term":[{"taxonomy":"category","embeddable":true,"href":"https:\/\/linitiative.ca\/International\/wp-json\/wp\/v2\/categories?post=148714"},{"taxonomy":"post_tag","embeddable":true,"href":"https:\/\/linitiative.ca\/International\/wp-json\/wp\/v2\/tags?post=148714"}],"curies":[{"name":"wp","href":"https:\/\/api.w.org\/{rel}","templated":true}]}}