{"id":148717,"date":"2022-05-27T08:32:36","date_gmt":"2022-05-27T12:32:36","guid":{"rendered":"https:\/\/linitiative.ca\/International\/affaire-seydou-zerbo-krol-federation-burkinabe-de-football-la-fbf-condamnee-a-payer-pres-de-90-millions\/"},"modified":"2022-05-27T08:32:36","modified_gmt":"2022-05-27T12:32:36","slug":"affaire-seydou-zerbo-krol-federation-burkinabe-de-football-la-fbf-condamnee-a-payer-pres-de-90-millions","status":"publish","type":"post","link":"https:\/\/linitiative.ca\/International\/affaire-seydou-zerbo-krol-federation-burkinabe-de-football-la-fbf-condamnee-a-payer-pres-de-90-millions\/","title":{"rendered":"Affaire Seydou Zerbo Krol \u2013 F\u00e9d\u00e9ration burkinab\u00e8 de football : La FBF condamn\u00e9e \u00e0 payer pr\u00e8s de 90 millions"},"content":{"rendered":"<div>\n<p><strong>Le proc\u00e8s pour \u00ab\u00a0licenciement abusif\u00a0\u00bb qui oppose depuis le d\u00e9but de l\u2019ann\u00e9e Seydou Zerbo dit Krol et ses adjoints \u00e0 la F\u00e9d\u00e9ration burkinab\u00e8 de football (FBF) a connu son d\u00e9nouement ce vendredi 27 mai 2022. Le verdict somme l\u2019instance supr\u00eame du football burkinab\u00e8 \u00e0 payer les droits des trois techniciens, estim\u00e9 \u00e0 environ 90 millions de FCFA.<\/strong><\/p>\n<p>Apr\u00e8s maints reports, le proc\u00e8s opposant Seydou Zerbo dit Krol et ses adjoints (Boureima Kabor\u00e9 et Issiaka Ou\u00e9draogo) \u00e0 la F\u00e9d\u00e9ration burkinab\u00e8 de football (FBF) a connu son d\u00e9nouement ce vendredi 27 mai 2022.<\/p>\n<p>Le verdict a \u00e9t\u00e9 prononc\u00e9 et la FBF a \u00e9t\u00e9 somm\u00e9e par la justice de payer tous les droits des trois techniciens estim\u00e9s \u00e0 environ 90 millions de FCFA pour <em>\u00ab\u00a0licenciement abusif\u00a0\u00bb.<\/em><\/p>\n<p>Les plaignants ne comptent pas s\u2019arr\u00eater l\u00e0. Au del\u00e0 du d\u00e9dommagement qui doit \u00eatre fait, ils comptent porter plainte contre la faiti\u00e8re du football burkinab\u00e8 <em>\u00ab\u00a0pour atteinte \u00e0 leur honneur\u00a0\u00bb<\/em> sur la teneur <em>\u00ab\u00a0faute lourde\u00a0\u00bb<\/em> \u00e9voqu\u00e9e par la FBF pour acter leur limogeage.<\/p>\n<p><em>\u00ab\u00a0Ne pas qualifier une \u00e9quipe au second tour d\u2019un CHAN ne peut pas \u00eatre qualifi\u00e9 de faute lourde, si l\u2019on sait que le Burkina Faso en trois participations \u00e0 cette comp\u00e9tition n\u2019avait jamais fait mieux. Dire que nous avons commis une faute lourde est une atteinte \u00e0 notre honneur et une mani\u00e8re de nous discr\u00e9diter\u00a0\u00bb<\/em>, a indiqu\u00e9 un membre du staff technique des plaignants. Il a inform\u00e9 que dans les prochains jours, lui et les deux autres organiseront une conf\u00e9rence de presse pour \u00e9voquer les p\u00e9rip\u00e9ties qui ont engendr\u00e9 la participation du Burkina \u00e0 ce CHAN.<\/p>\n<p>Pour rappel, dans une lettre en date du 3 mars 2021, la FBF mettait fin au contrat qui la liait aux coaches des Etalons locaux. Alors que ledit contrat courrait jusqu\u2019au mois de juin de la m\u00eame ann\u00e9e.<\/p>\n<p>L\u2019\u00e9limination d\u00e8s le premier tour au Championnat d\u2019Afrique des Nations (CHAN) disput\u00e9 au Cameroun avait \u00e9t\u00e9 qualifi\u00e9e par le pr\u00e9sident Lazare Banss\u00e9, de <em>\u00ab faute lourde \u00bb<\/em> d\u2019autant plus que l\u2019objectif vis\u00e9, selon la teneur de la lettre, \u00e9tait d\u2019atteindre au moins les demi-finales.<\/p>\n<p>S\u2019estimant l\u00e9s\u00e9s, l\u2019entraineur d\u2019alors Seydou Zerbo dit Krol et ses adjoints avaient r\u00e9pliqu\u00e9 par une plainte devant l\u2019inspection du travail pour \u00ab\u00a0rupture abusive\u00a0\u00bb qui s\u2019est finalement termin\u00e9 devant les tribunaux.<\/p>\n<p style=\"text-align: right\"><strong>Yves OUEDRAOGO<\/strong><\/p>\n<\/div>\n<p>Auteur: Wamini SIDWAYA<br \/>\n<a href=\"https:\/\/www.sidwaya.info\/blog\/2022\/05\/27\/affaire-seydou-zerbo-krol-federation-burkinabe-de-football-la-fbf-condamne-a-payer-pres-de-90-millions\/\">Cliquez ici pour lire l&rsquo;article depuis sa source.<\/a><\/p>\n","protected":false},"excerpt":{"rendered":"<p>Le proc\u00e8s pour \u00ab\u00a0licenciement abusif\u00a0\u00bb qui oppose depuis le d\u00e9but de l\u2019ann\u00e9e Seydou Zerbo dit Krol et ses adjoints \u00e0 la F\u00e9d\u00e9ration burkinab\u00e8 de football (FBF) a connu son d\u00e9nouement ce vendredi 27 mai 2022. Le verdict somme l\u2019instance supr\u00eame du football burkinab\u00e8 \u00e0 payer les droits des trois techniciens, estim\u00e9 \u00e0 environ 90 millions [&hellip;]<\/p>\n","protected":false},"author":1816,"featured_media":0,"comment_status":"closed","ping_status":"closed","sticky":false,"template":"","format":"standard","meta":{"fifu_image_url":"","fifu_image_alt":"","footnotes":""},"categories":[73,81],"tags":[],"class_list":["post-148717","post","type-post","status-publish","format-standard","hentry","category-actualite","category-burkina-faso"],"_links":{"self":[{"href":"https:\/\/linitiative.ca\/International\/wp-json\/wp\/v2\/posts\/148717","targetHints":{"allow":["GET"]}}],"collection":[{"href":"https:\/\/linitiative.ca\/International\/wp-json\/wp\/v2\/posts"}],"about":[{"href":"https:\/\/linitiative.ca\/International\/wp-json\/wp\/v2\/types\/post"}],"author":[{"embeddable":true,"href":"https:\/\/linitiative.ca\/International\/wp-json\/wp\/v2\/users\/1816"}],"replies":[{"embeddable":true,"href":"https:\/\/linitiative.ca\/International\/wp-json\/wp\/v2\/comments?post=148717"}],"version-history":[{"count":0,"href":"https:\/\/linitiative.ca\/International\/wp-json\/wp\/v2\/posts\/148717\/revisions"}],"wp:attachment":[{"href":"https:\/\/linitiative.ca\/International\/wp-json\/wp\/v2\/media?parent=148717"}],"wp:term":[{"taxonomy":"category","embeddable":true,"href":"https:\/\/linitiative.ca\/International\/wp-json\/wp\/v2\/categories?post=148717"},{"taxonomy":"post_tag","embeddable":true,"href":"https:\/\/linitiative.ca\/International\/wp-json\/wp\/v2\/tags?post=148717"}],"curies":[{"name":"wp","href":"https:\/\/api.w.org\/{rel}","templated":true}]}}