{"id":148722,"date":"2022-05-27T11:00:21","date_gmt":"2022-05-27T15:00:21","guid":{"rendered":"https:\/\/linitiative.ca\/International\/campagne-agricole-2022-2023-le-ministre-de-lagriculture-innocent-kiba-donne-le-top-de-depart\/"},"modified":"2022-05-27T11:00:21","modified_gmt":"2022-05-27T15:00:21","slug":"campagne-agricole-2022-2023-le-ministre-de-lagriculture-innocent-kiba-donne-le-top-de-depart","status":"publish","type":"post","link":"https:\/\/linitiative.ca\/International\/campagne-agricole-2022-2023-le-ministre-de-lagriculture-innocent-kiba-donne-le-top-de-depart\/","title":{"rendered":"Campagne agricole 2022-2023 : Le ministre de l\u2019Agriculture, Innocent Kiba, donne le top de d\u00e9part"},"content":{"rendered":"<div>\n<p>Le ministre de l\u2019Agriculture et des Ressources animales et halieutiques, Delwend\u00e9 Innocent Kiba, a lanc\u00e9 le vendredi 27 mai 2022, \u00e0 Gourgou, un village de la commune de Tenkodogo, la campagne agricole 2022-2023 et le Projet r\u00e9gional d\u2019appui au pastoralisme au Sahel, phase 2 Burkina Fas (PRAPS 2 BF).<\/p>\n<p>Le th\u00e8me de la pr\u00e9sente campagne agricole est\u00a0: \u00ab\u00a0<em>int\u00e9gration des syst\u00e8mes de production agricole, pastorale et halieutiques pour une s\u00e9curit\u00e9 alimentaire\u00a0et nutritionnelle durable au Burkina Faso<\/em>\u00a0\u00bb. Selon le ministre Kiba, 5 383\u00a0000 tonnes de c\u00e9r\u00e9ales, 1 798 000 tonnes de cultures de rentes et 897\u00a0000 tonnes d\u2019autres cultures vivri\u00e8res sont les objectifs de production de la pr\u00e9sente campagne. L\u2019atteinte de cet objectif permettra, d\u2019apr\u00e8s lui, de couvrir les besoins c\u00e9r\u00e9aliers d\u2019environ 10% et augmenter les revenus de m\u00e9nages de 2, 4%.<\/p>\n<p>Quant au PRAPS 2 BF, il va intervenir dans 11 r\u00e9gions, va durer six ans et toucher 1 millions de b\u00e9n\u00e9ficiaires. Il a \u00e9t\u00e9 financ\u00e9 \u00e0 hauteur de 26, milliards 400 millions de francs CFA par la Banque mondiale.<\/p>\n<p style=\"text-align: right\"><strong>K.K.A<\/strong><\/p>\n<\/div>\n<p>Auteur: Wamini SIDWAYA<br \/>\n<a href=\"https:\/\/www.sidwaya.info\/blog\/2022\/05\/27\/campagne-agricole-2022-2023-le-ministre-de-lagriculture-innocent-kiba-donne-le-top-de-depart\/\">Cliquez ici pour lire l&rsquo;article depuis sa source.<\/a><\/p>\n","protected":false},"excerpt":{"rendered":"<p>Le ministre de l\u2019Agriculture et des Ressources animales et halieutiques, Delwend\u00e9 Innocent Kiba, a lanc\u00e9 le vendredi 27 mai 2022, \u00e0 Gourgou, un village de la commune de Tenkodogo, la campagne agricole 2022-2023 et le Projet r\u00e9gional d\u2019appui au pastoralisme au Sahel, phase 2 Burkina Fas (PRAPS 2 BF). Le th\u00e8me de la pr\u00e9sente campagne [&hellip;]<\/p>\n","protected":false},"author":1816,"featured_media":0,"comment_status":"closed","ping_status":"closed","sticky":false,"template":"","format":"standard","meta":{"fifu_image_url":"","fifu_image_alt":"","footnotes":""},"categories":[73,81],"tags":[],"class_list":["post-148722","post","type-post","status-publish","format-standard","hentry","category-actualite","category-burkina-faso"],"_links":{"self":[{"href":"https:\/\/linitiative.ca\/International\/wp-json\/wp\/v2\/posts\/148722","targetHints":{"allow":["GET"]}}],"collection":[{"href":"https:\/\/linitiative.ca\/International\/wp-json\/wp\/v2\/posts"}],"about":[{"href":"https:\/\/linitiative.ca\/International\/wp-json\/wp\/v2\/types\/post"}],"author":[{"embeddable":true,"href":"https:\/\/linitiative.ca\/International\/wp-json\/wp\/v2\/users\/1816"}],"replies":[{"embeddable":true,"href":"https:\/\/linitiative.ca\/International\/wp-json\/wp\/v2\/comments?post=148722"}],"version-history":[{"count":0,"href":"https:\/\/linitiative.ca\/International\/wp-json\/wp\/v2\/posts\/148722\/revisions"}],"wp:attachment":[{"href":"https:\/\/linitiative.ca\/International\/wp-json\/wp\/v2\/media?parent=148722"}],"wp:term":[{"taxonomy":"category","embeddable":true,"href":"https:\/\/linitiative.ca\/International\/wp-json\/wp\/v2\/categories?post=148722"},{"taxonomy":"post_tag","embeddable":true,"href":"https:\/\/linitiative.ca\/International\/wp-json\/wp\/v2\/tags?post=148722"}],"curies":[{"name":"wp","href":"https:\/\/api.w.org\/{rel}","templated":true}]}}