{"id":148725,"date":"2022-05-27T11:17:21","date_gmt":"2022-05-27T15:17:21","guid":{"rendered":"https:\/\/linitiative.ca\/International\/le-cameroun-et-le-gabon-saccordent-sur-leur-securite-transfrontaliere\/"},"modified":"2022-05-27T11:17:21","modified_gmt":"2022-05-27T15:17:21","slug":"le-cameroun-et-le-gabon-saccordent-sur-leur-securite-transfrontaliere","status":"publish","type":"post","link":"https:\/\/linitiative.ca\/International\/le-cameroun-et-le-gabon-saccordent-sur-leur-securite-transfrontaliere\/","title":{"rendered":"Le Cameroun et le Gabon s\u2019accordent sur leur s\u00e9curit\u00e9 transfrontali\u00e8re"},"content":{"rendered":"<div>\n<p><img decoding=\"async\" width=\"800\" height=\"445\" src=\"https:\/\/linitiative.ca\/International\/wp-content\/uploads\/sites\/23\/2022\/05\/Atanga.jpeg\" class=\"attachment-post-thumbnail size-post-thumbnail wp-post-image\" alt=\"\" loading=\"lazy\" srcset=\"https:\/\/linitiative.ca\/International\/wp-content\/uploads\/sites\/23\/2022\/05\/Atanga.jpeg 800w, https:\/\/www.journalducameroun.com\/wp-content\/uploads\/2022\/05\/Atanga-300x167.jpeg 300w, https:\/\/www.journalducameroun.com\/wp-content\/uploads\/2022\/05\/Atanga-768x427.jpeg 768w, https:\/\/www.journalducameroun.com\/wp-content\/uploads\/2022\/05\/Atanga-160x90.jpeg 160w, https:\/\/www.journalducameroun.com\/wp-content\/uploads\/2022\/05\/Atanga-240x135.jpeg 240w, https:\/\/www.journalducameroun.com\/wp-content\/uploads\/2022\/05\/Atanga-791x440.jpeg 791w, https:\/\/www.journalducameroun.com\/wp-content\/uploads\/2022\/05\/Atanga-600x334.jpeg 600w\" sizes=\"auto, (max-width: 800px) 100vw, 800px\"><\/p>\n<h2 style=\"text-align: justify;\">Une session de la commission mixte permanente de s\u00e9curit\u00e9 transfrontali\u00e8re entre le Cameroun et le Gabon a eu lieu \u00e0 Yaound\u00e9 du 24 au 26 mai dernier.<\/h2>\n<p style=\"text-align: justify;\">\n<p style=\"text-align: justify;\">Comment d\u00e9masquer les menaces terroristes, les trafics de toutes sortes et l\u2019immigration clandestine \u00e0 la fronti\u00e8re Cameroun-Gabon? La question est au centre des 2e assises des commissions ad-hoc coupl\u00e9es \u00e0 la 1\u00e8re session de la commission mixte permanente de s\u00e9curit\u00e9 transfrontali\u00e8re des deux parties.<\/p>\n<p style=\"text-align: justify;\">En effet, la fronti\u00e8re terrestre entre le Cameroun et le Gabon est longue de 298 km et se situe au Nord du Gabon et au Sud du Cameroun. Diverses activit\u00e9s illicites y sont men\u00e9es. D\u2019o\u00f9 la tenue des pr\u00e9sentes assises \u00e0 Yaound\u00e9.<\/p>\n<p style=\"text-align: justify;\">Pendant trois jours, les deux voisins ont fait le point de\u00a0la situation s\u00e9curitaire au niveau de leurs fronti\u00e8res communes. Ce qui leur a permis de faire l\u2019\u00e9valuation du processus de d\u00e9marcation de la fronti\u00e8re entre les deux pays.<\/p>\n<p style=\"text-align: justify;\"><em>\u00ab Dans le domaine de la d\u00e9marcation et de la r\u00e9affirmation de la fronti\u00e8re, nous avons constat\u00e9 pour nous en f\u00e9liciter qu\u2019il n\u2019existe pas de diff\u00e9rends frontaliers entre nos deux pays\u00bb, a soulign\u00e9 Paul Atanga Nji.<\/em><\/p>\n<p style=\"text-align: justify;\"><em>\u00abCependant, il convient comme le recommande \u00e0 juste titre le Programme fronti\u00e8re de l\u2019Union africaine (UA) et le Programme fronti\u00e8re de la CEEAC de clarifier le trac\u00e9 de la fronti\u00e8re dans certaines lin\u00e9aires o\u00f9 celle-ci n\u2019a pas une configuration naturelle<\/em>\u00bb, a pr\u00e9cis\u00e9 le ministre camerounais. Paul Atanga Nji<\/p>\n<p style=\"text-align: justify;\">Au terme des travaux, les deux parties ont exprim\u00e9 leur volont\u00e9 commune de disposer d\u2019une feuille de route permettant de traquer toutes formes de menaces et les pratiques ill\u00e9gales. \u00ab<em>La probl\u00e9matique du terrorisme et les actes subis par nos peuples, les mouvements migratoires incontr\u00f4l\u00e9s nous rappellent qu\u2019il n\u2019y a pas de libre circulation int\u00e9rieure<\/em>\u00bb, a d\u00e9clar\u00e9 le ministre gabonais de l\u2019Int\u00e9rieur. Lambert-No\u00ebl Matha a ainsi souhait\u00e9 la mise en place d\u2019une feuille de route op\u00e9rationnelle dans le domaine de cette coop\u00e9ration transfrontali\u00e8re.<\/p>\n<p style=\"text-align: justify;\">Le ministre de l\u2019Administration territoriale, chef de la d\u00e9l\u00e9gation camerounaise, Paul Atanga Nji a insist\u00e9 sur les termes de l\u2019accord du 12 septembre 2012 qui a cr\u00e9\u00e9 la commission mixte permanente de s\u00e9curit\u00e9 transfrontali\u00e8re.<\/p>\n<p style=\"text-align: justify;\">Il faut \u00ab <em>intensifier la coop\u00e9ration entre les deux pays en mati\u00e8re de lutte contre la criminalit\u00e9 transfrontali\u00e8re. Notamment, l\u2019ins\u00e9curit\u00e9, l\u2019immigration clandestine, le blanchiment d\u2019argent, le terrorisme, la piraterie, le trafic de drogues et d\u2019autres stup\u00e9fiants, la traite des \u00eatres humains, le trafic d\u2019armes \u00e0 feu, de munitions et d\u2019autres substances dangereuses<\/em> \u00bb a rappel\u00e9 le ministre.<\/p>\n<p>Cet article <a rel=\"nofollow\" href=\"https:\/\/www.journalducameroun.com\/le-cameroun-et-le-gabon-saccordent-sur-leur-securite-transfrontaliere\/\">Le Cameroun et le Gabon s\u2019accordent sur leur s\u00e9curit\u00e9 transfrontali\u00e8re<\/a> est apparu en premier sur <a rel=\"nofollow\" href=\"https:\/\/www.journalducameroun.com\/\">Journal du Cameroun<\/a>.<\/p>\n<\/div>\n<p>Auteur: Esther FOSSI<br \/>\n<a href=\"https:\/\/www.journalducameroun.com\/le-cameroun-et-le-gabon-saccordent-sur-leur-securite-transfrontaliere\/\">Cliquez ici pour lire l&rsquo;article depuis sa source.<\/a><\/p>\n","protected":false},"excerpt":{"rendered":"<p>Une session de la commission mixte permanente de s\u00e9curit\u00e9 transfrontali\u00e8re entre le Cameroun et le Gabon a eu lieu \u00e0 Yaound\u00e9 du 24 au 26 mai dernier. Comment d\u00e9masquer les menaces terroristes, les trafics de toutes sortes et l\u2019immigration clandestine \u00e0 la fronti\u00e8re Cameroun-Gabon? La question est au centre des 2e assises des commissions ad-hoc [&hellip;]<\/p>\n","protected":false},"author":1965,"featured_media":0,"comment_status":"closed","ping_status":"closed","sticky":false,"template":"","format":"standard","meta":{"fifu_image_url":"https:\/\/www.journalducameroun.com\/wp-content\/uploads\/2022\/05\/Atanga.jpeg","fifu_image_alt":"Le Cameroun et le Gabon s\u2019accordent sur leur s\u00e9curit\u00e9 transfrontali\u00e8re","footnotes":""},"categories":[73,82],"tags":[],"class_list":["post-148725","post","type-post","status-publish","format-standard","hentry","category-actualite","category-cameroun"],"_links":{"self":[{"href":"https:\/\/linitiative.ca\/International\/wp-json\/wp\/v2\/posts\/148725","targetHints":{"allow":["GET"]}}],"collection":[{"href":"https:\/\/linitiative.ca\/International\/wp-json\/wp\/v2\/posts"}],"about":[{"href":"https:\/\/linitiative.ca\/International\/wp-json\/wp\/v2\/types\/post"}],"author":[{"embeddable":true,"href":"https:\/\/linitiative.ca\/International\/wp-json\/wp\/v2\/users\/1965"}],"replies":[{"embeddable":true,"href":"https:\/\/linitiative.ca\/International\/wp-json\/wp\/v2\/comments?post=148725"}],"version-history":[{"count":0,"href":"https:\/\/linitiative.ca\/International\/wp-json\/wp\/v2\/posts\/148725\/revisions"}],"wp:attachment":[{"href":"https:\/\/linitiative.ca\/International\/wp-json\/wp\/v2\/media?parent=148725"}],"wp:term":[{"taxonomy":"category","embeddable":true,"href":"https:\/\/linitiative.ca\/International\/wp-json\/wp\/v2\/categories?post=148725"},{"taxonomy":"post_tag","embeddable":true,"href":"https:\/\/linitiative.ca\/International\/wp-json\/wp\/v2\/tags?post=148725"}],"curies":[{"name":"wp","href":"https:\/\/api.w.org\/{rel}","templated":true}]}}