{"id":148727,"date":"2022-05-27T11:40:21","date_gmt":"2022-05-27T15:40:21","guid":{"rendered":"https:\/\/linitiative.ca\/International\/le-centre-africain-de-controle-des-maladies-alerte-le-cameroun-sur-la-variole-du-singe\/"},"modified":"2022-05-27T11:40:21","modified_gmt":"2022-05-27T15:40:21","slug":"le-centre-africain-de-controle-des-maladies-alerte-le-cameroun-sur-la-variole-du-singe","status":"publish","type":"post","link":"https:\/\/linitiative.ca\/International\/le-centre-africain-de-controle-des-maladies-alerte-le-cameroun-sur-la-variole-du-singe\/","title":{"rendered":"Le Centre africain de contr\u00f4le des maladies alerte le Cameroun sur la variole du singe"},"content":{"rendered":"<div>\n<p><img decoding=\"async\" width=\"700\" height=\"966\" src=\"https:\/\/linitiative.ca\/International\/wp-content\/uploads\/sites\/23\/2022\/05\/variole.jpg\" class=\"attachment-post-thumbnail size-post-thumbnail wp-post-image\" alt=\"\" loading=\"lazy\" srcset=\"https:\/\/linitiative.ca\/International\/wp-content\/uploads\/sites\/23\/2022\/05\/variole.jpg 700w, https:\/\/www.journalducameroun.com\/wp-content\/uploads\/2022\/05\/variole-217x300.jpg 217w, https:\/\/www.journalducameroun.com\/wp-content\/uploads\/2022\/05\/variole-319x440.jpg 319w, https:\/\/www.journalducameroun.com\/wp-content\/uploads\/2022\/05\/variole-600x828.jpg 600w\" sizes=\"auto, (max-width: 700px) 100vw, 700px\"><\/p>\n<h2 style=\"text-align: justify;\">L\u2019organisme a exhort\u00e9 hier 26 mai 2022 les pays africains \u00e0 renforcer la surveillance de la variole du singe et \u00e0 mettre en place de mesures \u00e9nerg\u00e9tiques de contr\u00f4le des infections face au virus.<\/h2>\n<p style=\"text-align: justify;\">Ahmed Ogwell, directeur par int\u00e9rim du CDC Afrique, a indiqu\u00e9 que l&rsquo;agence avait fourni des conseils aux Etats membres de l&rsquo;Union africaine sur le renforcement de la surveillance de la variole du singe, l&rsquo;\u00e9tablissement d&rsquo;une capacit\u00e9 de diagnostic en laboratoire, l&rsquo;\u00e9largissement des connaissances sur la maladie au sein des \u00e9quipes cliniques et la mise en place de mesures de contr\u00f4le des infections alors que les pays s&rsquo;engagent aupr\u00e8s des communaut\u00e9s \u00e0 risque.<\/p>\n<p style=\"text-align: justify;\">\u00ab\u00a0<em>Nous exhortons toute personne pr\u00e9sentant des sympt\u00f4mes \u00e0 consulter rapidement un m\u00e9decin. En effet, le public est fortement encourag\u00e9 \u00e0 se laver les mains, \u00e0 utiliser de mani\u00e8re continue les d\u00e9sinfectants disponibles, \u00e0 \u00e9viter de toucher les animaux qui semblent malades et \u00e0 \u00e9viter de toucher les animaux connus pour \u00eatre porteurs du virus de la variole du singe\u00a0<\/em>\u00bb, a-t-il d\u00e9clar\u00e9.<\/p>\n<p style=\"text-align: justify;\">Concernant les vaccins, il a indiqu\u00e9 que l&rsquo;un des outils cl\u00e9s face \u00e0 l&rsquo;\u00e9pid\u00e9mie de variole du singe \u00e9tait l&rsquo;utilisation de vaccins et que l&rsquo;Afrique utilisait les vaccins contre la variole, qui, selon lui, offrent une tr\u00e8s haute protection.<\/p>\n<p style=\"text-align: justify;\">\u00ab\u00a0<em>Nous attendons avec impatience de voir une situation o\u00f9 l&rsquo;\u00e9pisode de th\u00e9saurisation constat\u00e9 lors de la COVID-19 ne se reproduira pas dans cette situation<\/em>\u00a0\u00bb, a d\u00e9clar\u00e9 Ogwell.<\/p>\n<p style=\"text-align: justify;\">Le responsable a enfin pr\u00e9cis\u00e9 que quatre pays africains avaient signal\u00e9 un nombre cumul\u00e9 de 1.405 cas end\u00e9miques de variole du singe et 62 d\u00e9c\u00e8s au cours de l&rsquo;ann\u00e9e 2022, soit un taux de l\u00e9talit\u00e9 de 4,4 %.<\/p>\n<p style=\"text-align: justify;\">Selon Ogwell, la variole du singe est end\u00e9mique au Cameroun, en R\u00e9publique centrafricaine, en R\u00e9publique d\u00e9mocratique du Congo et au Nigeria, notant que \u00ab\u00a0<em>deux autres pays, le Maroc et le Soudan, enqu\u00eatent sur des cas suspects\u00a0<\/em>\u00bb.<\/p>\n<p>Cet article <a rel=\"nofollow\" href=\"https:\/\/www.journalducameroun.com\/le-centre-africain-de-controle-des-maladies-alerte-le-cameroun-sur-la-variole-du-singe\/\">Le Centre africain de contr\u00f4le des maladies alerte le Cameroun sur la variole du singe<\/a> est apparu en premier sur <a rel=\"nofollow\" href=\"https:\/\/www.journalducameroun.com\/\">Journal du Cameroun<\/a>.<\/p>\n<\/div>\n<p>Auteur: Esther FOSSI<br \/>\n<a href=\"https:\/\/www.journalducameroun.com\/le-centre-africain-de-controle-des-maladies-alerte-le-cameroun-sur-la-variole-du-singe\/\">Cliquez ici pour lire l&rsquo;article depuis sa source.<\/a><\/p>\n","protected":false},"excerpt":{"rendered":"<p>L\u2019organisme a exhort\u00e9 hier 26 mai 2022 les pays africains \u00e0 renforcer la surveillance de la variole du singe et \u00e0 mettre en place de mesures \u00e9nerg\u00e9tiques de contr\u00f4le des infections face au virus. Ahmed Ogwell, directeur par int\u00e9rim du CDC Afrique, a indiqu\u00e9 que l&rsquo;agence avait fourni des conseils aux Etats membres de l&rsquo;Union [&hellip;]<\/p>\n","protected":false},"author":1965,"featured_media":0,"comment_status":"closed","ping_status":"closed","sticky":false,"template":"","format":"standard","meta":{"fifu_image_url":"https:\/\/www.journalducameroun.com\/wp-content\/uploads\/2022\/05\/variole.jpg","fifu_image_alt":"Le Centre africain de contr\u00f4le des maladies alerte le Cameroun sur la variole du singe","footnotes":""},"categories":[73,82],"tags":[],"class_list":["post-148727","post","type-post","status-publish","format-standard","hentry","category-actualite","category-cameroun"],"_links":{"self":[{"href":"https:\/\/linitiative.ca\/International\/wp-json\/wp\/v2\/posts\/148727","targetHints":{"allow":["GET"]}}],"collection":[{"href":"https:\/\/linitiative.ca\/International\/wp-json\/wp\/v2\/posts"}],"about":[{"href":"https:\/\/linitiative.ca\/International\/wp-json\/wp\/v2\/types\/post"}],"author":[{"embeddable":true,"href":"https:\/\/linitiative.ca\/International\/wp-json\/wp\/v2\/users\/1965"}],"replies":[{"embeddable":true,"href":"https:\/\/linitiative.ca\/International\/wp-json\/wp\/v2\/comments?post=148727"}],"version-history":[{"count":0,"href":"https:\/\/linitiative.ca\/International\/wp-json\/wp\/v2\/posts\/148727\/revisions"}],"wp:attachment":[{"href":"https:\/\/linitiative.ca\/International\/wp-json\/wp\/v2\/media?parent=148727"}],"wp:term":[{"taxonomy":"category","embeddable":true,"href":"https:\/\/linitiative.ca\/International\/wp-json\/wp\/v2\/categories?post=148727"},{"taxonomy":"post_tag","embeddable":true,"href":"https:\/\/linitiative.ca\/International\/wp-json\/wp\/v2\/tags?post=148727"}],"curies":[{"name":"wp","href":"https:\/\/api.w.org\/{rel}","templated":true}]}}