{"id":148731,"date":"2022-05-27T15:18:03","date_gmt":"2022-05-27T19:18:03","guid":{"rendered":"https:\/\/linitiative.ca\/International\/ghana-la-bad-lance-un-fonds-fiduciaire-dedie-a-leconomie-circulaire\/"},"modified":"2022-05-27T15:18:03","modified_gmt":"2022-05-27T19:18:03","slug":"ghana-la-bad-lance-un-fonds-fiduciaire-dedie-a-leconomie-circulaire","status":"publish","type":"post","link":"https:\/\/linitiative.ca\/International\/ghana-la-bad-lance-un-fonds-fiduciaire-dedie-a-leconomie-circulaire\/","title":{"rendered":"Ghana : la Bad lance un fonds fiduciaire d\u00e9di\u00e9 \u00e0 l\u2019\u00e9conomie circulaire"},"content":{"rendered":"<div>\n<p><img decoding=\"async\" width=\"1500\" height=\"617\" src=\"https:\/\/linitiative.ca\/International\/wp-content\/uploads\/sites\/23\/2022\/05\/16536790834861.jpg\" class=\"attachment-post-thumbnail size-post-thumbnail wp-post-image\" alt=\"\" loading=\"lazy\" srcset=\"https:\/\/linitiative.ca\/International\/wp-content\/uploads\/sites\/23\/2022\/05\/16536790834861.jpg 1500w, https:\/\/www.journalducameroun.com\/wp-content\/uploads\/2022\/05\/16536790834861-300x123.jpg 300w, https:\/\/www.journalducameroun.com\/wp-content\/uploads\/2022\/05\/16536790834861-1024x421.jpg 1024w, https:\/\/www.journalducameroun.com\/wp-content\/uploads\/2022\/05\/16536790834861-768x316.jpg 768w, https:\/\/www.journalducameroun.com\/wp-content\/uploads\/2022\/05\/16536790834861-1070x440.jpg 1070w, https:\/\/www.journalducameroun.com\/wp-content\/uploads\/2022\/05\/16536790834861-600x247.jpg 600w\" sizes=\"auto, (max-width: 1500px) 100vw, 1500px\"><\/p>\n<p>Ce dispositif permettra de canaliser, de financer et de d\u00e9-risquer des mod\u00e8les d&rsquo;affaires innovants en mati\u00e8re d&rsquo;\u00e9conomie circulaire, au-del\u00e0 de la gestion des d\u00e9chets.L&rsquo;\u00e9conomie circulaire est un mod\u00e8le de production et de consommation qui implique le partage, la location, la r\u00e9utilisation, la r\u00e9paration, la remise \u00e0 neuf et le recyclage des mat\u00e9riaux et produits existants aussi longtemps que possible.<\/p>\n<p>Le fonds, lanc\u00e9 ce 27 mai 2022, \u00e0 Accra, la capitale ghan\u00e9enne, en marge des Assembl\u00e9es annuelles\u00a0de la Bad qui s&rsquo;y tiennent est la premi\u00e8re Facilit\u00e9 africaine pour l&rsquo;\u00e9conomie circulaire de l&rsquo;institution financi\u00e8re r\u00e9gionale.<\/p>\n<p>Il soutiendra l&rsquo;Alliance africaine pour l&rsquo;\u00e9conomie circulaire (ACEA), dirig\u00e9e par les pays, en int\u00e9grant l&rsquo;\u00e9conomie circulaire dans les strat\u00e9gies africaines de croissance verte.<\/p>\n<p>Le fonds d&rsquo;affectation sp\u00e9ciale multi-donateurs fonctionnera sur une p\u00e9riode de cinq ans. Il recevra un soutien initial de quatre\u00a0millions d&rsquo;euros du gouvernement finlandais et du Fonds nordique de d\u00e9veloppement.<\/p>\n<p>Il se concentrera sur trois domaines strat\u00e9giques\u00a0: le renforcement des capacit\u00e9s institutionnelles pour consolider l&rsquo;environnement r\u00e9glementaire des innovations et des pratiques de l&rsquo;\u00e9conomie circulaire, le soutien au secteur priv\u00e9 par le biais d&rsquo;un programme de d\u00e9veloppement des entreprises\u2009et l&rsquo;assistance technique \u00e0 l&rsquo;Alliance africaine pour l&rsquo;\u00e9conomie circulaire.<\/p>\n<p>\u00ab\u2009La Finlande s&rsquo;est engag\u00e9e \u00e0 soutenir l&rsquo;Alliance africaine pour l&rsquo;\u00e9conomie circulaire et l&rsquo;\u00e9conomie circulaire dans son ensemble en tant que voie vers la croissance verte. La cl\u00e9 du succ\u00e8s de la conception d&rsquo;une feuille de route sur l&rsquo;\u00e9conomie circulaire en Finlande a \u00e9t\u00e9 l&rsquo;implication d&rsquo;un large \u00e9ventail de parties prenantes, telles que les minist\u00e8res, les collectivit\u00e9s locales et le secteur priv\u00e9. Nous esp\u00e9rons que le partage de notre exp\u00e9rience pourra aider les autres \u00e0 r\u00e9ussir leur transition circulaire\u2009\u00bb, a d\u00e9clar\u00e9 le directeur g\u00e9n\u00e9ral adjoint du minist\u00e8re des Affaires \u00e9trang\u00e8res de Finlande &#8211; et gouverneur provisoire du Groupe de la Banque pour la Finlande M.\u00a0Juha Savolainen.<\/p>\n<p>De son c\u00f4t\u00e9, le vice-pr\u00e9sident charg\u00e9 de l&rsquo;\u00c9lectricit\u00e9, de l&rsquo;\u00c9nergie, du Changement climatique et de la Croissance verte \u00e0 la Banque africaine de d\u00e9veloppement, Dr Kariuki, a r\u00e9it\u00e9r\u00e9 l&rsquo;engagement de la Bad \u00e0 promouvoir l&rsquo;\u00e9conomie circulaire comme strat\u00e9gie de d\u00e9veloppement.<\/p>\n<p>\u00ab\u2009Les principes de l&rsquo;\u00e9conomie circulaire s&rsquo;alignent sur le programme de la Banque africaine de d\u00e9veloppement visant \u00e0 assurer la transition de l&rsquo;Afrique vers une croissance verte. Ils s&rsquo;inscrivent \u00e9galement dans le th\u00e8me des Assembl\u00e9es annuelles de cette ann\u00e9e, \u00e0 savoir +Favoriser la r\u00e9silience climatique et une transition \u00e9nerg\u00e9tique juste pour l&rsquo;Afrique+ \u00bb, a-t-il dit.<\/p>\n<p>A en croire Dr Kariuki, la Facilit\u00e9 africaine pour l&rsquo;\u00e9conomie circulaire augmentera le portefeuille des op\u00e9rations de la Banque qui sont align\u00e9es sur l&rsquo;\u00e9conomie circulaire. Cela inclut les secteurs des \u00e9nergies renouvelables, de l&rsquo;agriculture adapt\u00e9e au climat et de la production verte. Cela va aussi cr\u00e9er de nouvelles cha\u00eenes de valeur qui vont g\u00e9n\u00e9rer de nouveaux emplois verts pour la jeunesse africaine.<\/p>\n<p>Les principes de l&rsquo;\u00e9conomie circulaire jouent un r\u00f4le strat\u00e9gique dans la r\u00e9alisation des priorit\u00e9s de d\u00e9veloppement de la Bad, les \u00ab\u2009High-5\u2009\u00bb. Ils aideront les pays africains \u00e0 atteindre leurs objectifs de Contribution d\u00e9termin\u00e9e au niveau national. Il s&rsquo;agit des engagements publics des pays sur la mani\u00e8re dont ils comptent jouer un r\u00f4le dans l&rsquo;action collective post-2020 sur le changement climatique.\u00a0<\/p>\n<p>Les principes de l&rsquo;\u00e9conomie circulaire feront \u00e9galement progresser les pays vers les Objectifs de d\u00e9veloppement durable des Nations unies et contribueront \u00e0 la relance \u00e9conomique de l&rsquo;Afrique.<\/p>\n<p>Cet article <a rel=\"nofollow\" href=\"https:\/\/www.journalducameroun.com\/ghana-la-bad-lance-un-fonds-fiduciaire-dedie-a-leconomie-circulaire\/\">Ghana : la Bad lance un fonds fiduciaire d\u00e9di\u00e9 \u00e0 l\u2019\u00e9conomie circulaire<\/a> est apparu en premier sur <a rel=\"nofollow\" href=\"https:\/\/www.journalducameroun.com\/\">Journal du Cameroun<\/a>.<\/p>\n<\/div>\n<p>Auteur: APA News<br \/>\n<a href=\"https:\/\/www.journalducameroun.com\/ghana-la-bad-lance-un-fonds-fiduciaire-dedie-a-leconomie-circulaire\/\">Cliquez ici pour lire l&rsquo;article depuis sa source.<\/a><\/p>\n","protected":false},"excerpt":{"rendered":"<p>Ce dispositif permettra de canaliser, de financer et de d\u00e9-risquer des mod\u00e8les d&rsquo;affaires innovants en mati\u00e8re d&rsquo;\u00e9conomie circulaire, au-del\u00e0 de la gestion des d\u00e9chets.L&rsquo;\u00e9conomie circulaire est un mod\u00e8le de production et de consommation qui implique le partage, la location, la r\u00e9utilisation, la r\u00e9paration, la remise \u00e0 neuf et le recyclage des mat\u00e9riaux et produits existants [&hellip;]<\/p>\n","protected":false},"author":1965,"featured_media":0,"comment_status":"closed","ping_status":"closed","sticky":false,"template":"","format":"standard","meta":{"fifu_image_url":"https:\/\/www.journalducameroun.com\/wp-content\/uploads\/2022\/05\/16536790834861.jpg","fifu_image_alt":"Ghana : la Bad lance un fonds fiduciaire d\u00e9di\u00e9 \u00e0 l\u2019\u00e9conomie circulaire","footnotes":""},"categories":[73,82],"tags":[],"class_list":["post-148731","post","type-post","status-publish","format-standard","hentry","category-actualite","category-cameroun"],"_links":{"self":[{"href":"https:\/\/linitiative.ca\/International\/wp-json\/wp\/v2\/posts\/148731","targetHints":{"allow":["GET"]}}],"collection":[{"href":"https:\/\/linitiative.ca\/International\/wp-json\/wp\/v2\/posts"}],"about":[{"href":"https:\/\/linitiative.ca\/International\/wp-json\/wp\/v2\/types\/post"}],"author":[{"embeddable":true,"href":"https:\/\/linitiative.ca\/International\/wp-json\/wp\/v2\/users\/1965"}],"replies":[{"embeddable":true,"href":"https:\/\/linitiative.ca\/International\/wp-json\/wp\/v2\/comments?post=148731"}],"version-history":[{"count":0,"href":"https:\/\/linitiative.ca\/International\/wp-json\/wp\/v2\/posts\/148731\/revisions"}],"wp:attachment":[{"href":"https:\/\/linitiative.ca\/International\/wp-json\/wp\/v2\/media?parent=148731"}],"wp:term":[{"taxonomy":"category","embeddable":true,"href":"https:\/\/linitiative.ca\/International\/wp-json\/wp\/v2\/categories?post=148731"},{"taxonomy":"post_tag","embeddable":true,"href":"https:\/\/linitiative.ca\/International\/wp-json\/wp\/v2\/tags?post=148731"}],"curies":[{"name":"wp","href":"https:\/\/api.w.org\/{rel}","templated":true}]}}