{"id":148733,"date":"2022-05-27T16:18:03","date_gmt":"2022-05-27T20:18:03","guid":{"rendered":"https:\/\/linitiative.ca\/International\/olaf-scholz-en-afrique-greenpeace-denonce-lagression-des-ecosystemes-du-continent\/"},"modified":"2022-05-27T16:18:03","modified_gmt":"2022-05-27T20:18:03","slug":"olaf-scholz-en-afrique-greenpeace-denonce-lagression-des-ecosystemes-du-continent","status":"publish","type":"post","link":"https:\/\/linitiative.ca\/International\/olaf-scholz-en-afrique-greenpeace-denonce-lagression-des-ecosystemes-du-continent\/","title":{"rendered":"Olaf Scholz en Afrique: Greenpeace d\u00e9nonce \u00ab l\u2019agression des \u00e9cosyst\u00e8mes \u00bb du continent"},"content":{"rendered":"<div>\n<p>Lors de la premi\u00e8re \u00e9tape de sa tourn\u00e9e africaine dimanche, le chancelier allemand a propos\u00e9 d\u2019aider \u00e0 d\u00e9velopper la production de gaz offshore au S\u00e9n\u00e9gal \u00ab qui d\u00e9truirait un r\u00e9cif corallien g\u00e9ant \u00bb selon l\u2019ONG.Le projet d\u00e9velopp\u00e9 par British Petroleum au large des c\u00f4tes et auquel Berlin apporte son soutien \u00ab d\u00e9graderait encore plus l\u2019environnement marin de l\u2019Afrique de l\u2019Ouest \u00bb, alertent Greenpeace Afrique et Greenpeace Allemagne dans un communiqu\u00e9 parvenu vendredi \u00e0 APA.<\/p>\n<p>\u00ab L\u2019exploration p\u00e9troli\u00e8re et gazi\u00e8re dans nos oc\u00e9ans pourrait compromettre davantage les moyens de subsistance des millions de personnes qui, ici, d\u00e9pendent de la p\u00eache, et elle va aggraver certainement le r\u00e9chauffement de la plan\u00e8te \u00bb, a d\u00e9clar\u00e9 le responsable de la campagne sur les oc\u00e9ans pour Greenpeace Afrique, Dr Aliou Ba.<\/p>\n<p>Il a ainsi invit\u00e9 l\u2019Allemagne \u00e0 multiplier les investissements dans les \u00e9conomies d\u2019\u00e9nergie et les \u00e9nergies renouvelables propres.<\/p>\n<p>\u00ab Chaque euro investi dans l\u2019\u00e9nergie fossile finance la prochaine s\u00e9cheresse, inondation ou canicule \u2013 et les populations d\u2019Afrique de l\u2019Ouest sont expos\u00e9es de mani\u00e8re disproportionn\u00e9e \u00e0 ces dangers. Le nouveau gouvernement allemand a re\u00e7u un mandat clair de son peuple pour s\u2019affranchir des combustibles fossiles : ce mandat doit \u00eatre appliqu\u00e9 \u00e0 tous ses investissements dans le pays et \u00e0 l\u2019\u00e9tranger, car les gaz \u00e0 effet de serre ne connaissent pas de fronti\u00e8res \u00bb, a affirm\u00e9 de son c\u00f4t\u00e9 le charg\u00e9 de campagne climat et \u00e9nergie de Greenpeace Allemagne, Andree Boehling.<\/p>\n<p>Ce dernier estime \u00ab anormal \u00bb d\u2019investir dans de nouvelles infrastructures fossiles polluantes en Afrique de l\u2019Ouest, au lieu de commencer par r\u00e9duire la consommation globale de gaz. Cela, poursuit-il, m\u00eame \u00e0 une \u00e9poque o\u00f9 l\u2019Europe doit devenir le plus rapidement possible ind\u00e9pendante du gaz russe.<\/p>\n<p>Cet article <a rel=\"nofollow\" href=\"https:\/\/www.journalducameroun.com\/olaf-scholz-en-afrique-greenpeace-denonce-lagression-des-ecosystemes-du-continent\/\">Olaf Scholz en Afrique: Greenpeace d\u00e9nonce \u00ab l\u2019agression des \u00e9cosyst\u00e8mes \u00bb du continent<\/a> est apparu en premier sur <a rel=\"nofollow\" href=\"https:\/\/www.journalducameroun.com\/\">Journal du Cameroun<\/a>.<\/p>\n<\/div>\n<p>Auteur: APA News<br \/>\n<a href=\"https:\/\/www.journalducameroun.com\/olaf-scholz-en-afrique-greenpeace-denonce-lagression-des-ecosystemes-du-continent\/\">Cliquez ici pour lire l&rsquo;article depuis sa source.<\/a><\/p>\n","protected":false},"excerpt":{"rendered":"<p>Lors de la premi\u00e8re \u00e9tape de sa tourn\u00e9e africaine dimanche, le chancelier allemand a propos\u00e9 d\u2019aider \u00e0 d\u00e9velopper la production de gaz offshore au S\u00e9n\u00e9gal \u00ab qui d\u00e9truirait un r\u00e9cif corallien g\u00e9ant \u00bb selon l\u2019ONG.Le projet d\u00e9velopp\u00e9 par British Petroleum au large des c\u00f4tes et auquel Berlin apporte son soutien \u00ab d\u00e9graderait encore plus l\u2019environnement [&hellip;]<\/p>\n","protected":false},"author":1965,"featured_media":0,"comment_status":"closed","ping_status":"closed","sticky":false,"template":"","format":"standard","meta":{"fifu_image_url":"","fifu_image_alt":"","footnotes":""},"categories":[73,82],"tags":[],"class_list":["post-148733","post","type-post","status-publish","format-standard","hentry","category-actualite","category-cameroun"],"_links":{"self":[{"href":"https:\/\/linitiative.ca\/International\/wp-json\/wp\/v2\/posts\/148733","targetHints":{"allow":["GET"]}}],"collection":[{"href":"https:\/\/linitiative.ca\/International\/wp-json\/wp\/v2\/posts"}],"about":[{"href":"https:\/\/linitiative.ca\/International\/wp-json\/wp\/v2\/types\/post"}],"author":[{"embeddable":true,"href":"https:\/\/linitiative.ca\/International\/wp-json\/wp\/v2\/users\/1965"}],"replies":[{"embeddable":true,"href":"https:\/\/linitiative.ca\/International\/wp-json\/wp\/v2\/comments?post=148733"}],"version-history":[{"count":0,"href":"https:\/\/linitiative.ca\/International\/wp-json\/wp\/v2\/posts\/148733\/revisions"}],"wp:attachment":[{"href":"https:\/\/linitiative.ca\/International\/wp-json\/wp\/v2\/media?parent=148733"}],"wp:term":[{"taxonomy":"category","embeddable":true,"href":"https:\/\/linitiative.ca\/International\/wp-json\/wp\/v2\/categories?post=148733"},{"taxonomy":"post_tag","embeddable":true,"href":"https:\/\/linitiative.ca\/International\/wp-json\/wp\/v2\/tags?post=148733"}],"curies":[{"name":"wp","href":"https:\/\/api.w.org\/{rel}","templated":true}]}}