{"id":148736,"date":"2022-05-27T11:32:53","date_gmt":"2022-05-27T15:32:53","guid":{"rendered":"https:\/\/linitiative.ca\/International\/filiere-coton-vers-une-hausse-du-prix-du-kilogramme-de-coton-graine\/"},"modified":"2022-05-27T11:32:53","modified_gmt":"2022-05-27T15:32:53","slug":"filiere-coton-vers-une-hausse-du-prix-du-kilogramme-de-coton-graine","status":"publish","type":"post","link":"https:\/\/linitiative.ca\/International\/filiere-coton-vers-une-hausse-du-prix-du-kilogramme-de-coton-graine\/","title":{"rendered":"Fili\u00e8re coton :  vers une hausse du prix du kilogramme de coton graine"},"content":{"rendered":"<div>\n<p>Les producteurs de coton dans la r\u00e9gion du Nord devraient trouver un l\u00e9ger motif de satisfaction dans un contexte o\u00f9 les rapports sont un tantinet tendus avec la Soci\u00e9t\u00e9 de d\u00e9veloppement du coton (Sodecoton), au sujet du prix de vente de kilogramme de coton et la crise des intrants agricoles. Le prix du kilogramme de coton graine devrait croitre de quelques proportions, influenc\u00e9 par les cours mondiaux de coton. C\u2019est du moins l\u2019analyse d\u2019un cadre de cette entreprise contact\u00e9 par EcoMatin. \u00ab\u00a0Le prix du kilogramme de coton graine a toutes les chances de connaitre une augmentation, compte tenu du fait que sur le march\u00e9 international, le cours est tr\u00e8s bon. Et comme le cours \u00e0 l\u2019international influence le prix ici, il n\u2019y a pas de raison qu\u2019il ne monte pas\u00a0\u00bb, optimise-t-il. Le nouveau prix devrait \u00eatre fix\u00e9 \u00e0 l\u2019issue des concertations tenues en fin de semaine derni\u00e8re \u00e0 Yaound\u00e9 entre le gouvernement, la Sodecoton et les diff\u00e9rentes parties prenantes, dont les producteurs, \u00e0 l\u2019occasion d\u2019une session du Comit\u00e9 de pilotage du Projet de d\u00e9veloppement des cha\u00eenes de valeurs agricoles (PD-CVA).<\/p>\n<p><strong>Lire aussi : <a href=\"https:\/\/ecomatin.net\/filiere-coton-la-crise-des-intrants-cree-des-bisbilles-s-entre-la-sodecoton-et-les-producteurs\/\">Fili\u00e8re coton\u00a0:\u00a0la crise des intrants cr\u00e9e des bisbilles entre la Sodecoton et les producteurs<\/a><\/strong><\/p>\n<p>En effet, le cours du coton sur le march\u00e9 international tourne autour de 1,5 dollar USD, soit pr\u00e8s de 900 FCFA. Une hausse consid\u00e9rable jamais observ\u00e9e depuis 2011, et qui est cons\u00e9cutive \u00e0 la s\u00e9cheresse qui pr\u00e9vaut aux Etats-Unis, grand producteur mondial, et qui devrait prolonger l\u2019\u00e9ch\u00e9ancier de production. Cette situation entraine par ailleurs une envol\u00e9e des prix des intrants, tir\u00e9e vers le haut par les tensions li\u00e9es au conflit ukrainien. La p\u00e9nurie de coton induit donc une hausse des cours mondiaux, et devraient \u00e9galement impacter le march\u00e9 local \u00e0 la satisfaction des producteurs.<\/p>\n<p><strong>Lire aussi : <a href=\"https:\/\/ecomatin.net\/perspectives-la-fusion-sodecoton-cicam-une-option-de-relance-de-la-filiere-coton-textile\/\">Perspectives\u00a0: la fusion Sodecoton-Cicam, une option de relance de la fili\u00e8re coton-textile<\/a><\/strong><\/p>\n<p>Pour le compte de la campagne cotonni\u00e8re 2022-2023, les producteurs verront donc augmenter le kilogramme de coton graine. La marge progressive n\u2019est pas encore connue. Au cours de la pr\u00e9c\u00e9dente campagne, le prix de vente du kilogramme \u00e9tait fix\u00e9 \u00e0 255 FCFA et n\u2019\u00e9tait pas exempt\u00e9 de fluctuations. \u00ab\u00a0Les producteurs cultivent de plus en plus du coton, pour deux raisons\u00a0: ils sont rassur\u00e9s qu\u2019ils seront pay\u00e9s parce que l\u2019argent est disponible, contrairement \u00e0 certaines ann\u00e9es\u00a0; puis, le prix du kilogramme est \u00e9galement bon (environ 255F\/kg). En d\u00e9but de campagne, il y a ce qu\u2019on appelle la r\u00e9colte pr\u00e9coce, pour encourager les producteurs \u00e0 r\u00e9colter rapidement pour ravitailler nos usines, et il y a une deuxi\u00e8me hausse. Apr\u00e8s les deux premiers mois, les prix retombent \u00e0 leur cours normal\u00a0\u00bb, renseignait alors une source \u00e0 la Sodecoton en f\u00e9vrier dernier.<\/p>\n<p>L\u2019article <a rel=\"nofollow\" href=\"https:\/\/ecomatin.net\/filiere-coton-vers-une-hausse-du-prix-du-kilogramme-de-coton-graine\/\">Fili\u00e8re coton :  vers une hausse du prix du kilogramme de coton graine<\/a> est apparu en premier sur <a rel=\"nofollow\" href=\"https:\/\/ecomatin.net\/\">EcoMatin<\/a>.<\/p>\n<\/div>\n<p>Auteur: Yannick KENNE<br \/>\n<a href=\"https:\/\/ecomatin.net\/filiere-coton-vers-une-hausse-du-prix-du-kilogramme-de-coton-graine\/\">Cliquez ici pour lire l&rsquo;article depuis sa source.<\/a><\/p>\n","protected":false},"excerpt":{"rendered":"<p>Les producteurs de coton dans la r\u00e9gion du Nord devraient trouver un l\u00e9ger motif de satisfaction dans un contexte o\u00f9 les rapports sont un tantinet tendus avec la Soci\u00e9t\u00e9 de d\u00e9veloppement du coton (Sodecoton), au sujet du prix de vente de kilogramme de coton et la crise des intrants agricoles. Le prix du kilogramme de [&hellip;]<\/p>\n","protected":false},"author":1969,"featured_media":0,"comment_status":"closed","ping_status":"closed","sticky":false,"template":"","format":"standard","meta":{"fifu_image_url":"","fifu_image_alt":"","footnotes":""},"categories":[82,78],"tags":[],"class_list":["post-148736","post","type-post","status-publish","format-standard","hentry","category-cameroun","category-economie"],"_links":{"self":[{"href":"https:\/\/linitiative.ca\/International\/wp-json\/wp\/v2\/posts\/148736","targetHints":{"allow":["GET"]}}],"collection":[{"href":"https:\/\/linitiative.ca\/International\/wp-json\/wp\/v2\/posts"}],"about":[{"href":"https:\/\/linitiative.ca\/International\/wp-json\/wp\/v2\/types\/post"}],"author":[{"embeddable":true,"href":"https:\/\/linitiative.ca\/International\/wp-json\/wp\/v2\/users\/1969"}],"replies":[{"embeddable":true,"href":"https:\/\/linitiative.ca\/International\/wp-json\/wp\/v2\/comments?post=148736"}],"version-history":[{"count":0,"href":"https:\/\/linitiative.ca\/International\/wp-json\/wp\/v2\/posts\/148736\/revisions"}],"wp:attachment":[{"href":"https:\/\/linitiative.ca\/International\/wp-json\/wp\/v2\/media?parent=148736"}],"wp:term":[{"taxonomy":"category","embeddable":true,"href":"https:\/\/linitiative.ca\/International\/wp-json\/wp\/v2\/categories?post=148736"},{"taxonomy":"post_tag","embeddable":true,"href":"https:\/\/linitiative.ca\/International\/wp-json\/wp\/v2\/tags?post=148736"}],"curies":[{"name":"wp","href":"https:\/\/api.w.org\/{rel}","templated":true}]}}