{"id":148742,"date":"2022-05-27T13:41:38","date_gmt":"2022-05-27T17:41:38","guid":{"rendered":"https:\/\/linitiative.ca\/International\/la-haca-signe-une-convention-de-partenariat-avec-le-regulateur-des-medias-du-cap-vert\/"},"modified":"2022-05-27T13:41:38","modified_gmt":"2022-05-27T17:41:38","slug":"la-haca-signe-une-convention-de-partenariat-avec-le-regulateur-des-medias-du-cap-vert","status":"publish","type":"post","link":"https:\/\/linitiative.ca\/International\/la-haca-signe-une-convention-de-partenariat-avec-le-regulateur-des-medias-du-cap-vert\/","title":{"rendered":"La HACA signe une convention de partenariat avec le r\u00e9gulateur des m\u00e9dias du Cap Vert"},"content":{"rendered":"<div>\n<p><img decoding=\"async\" width=\"300\" height=\"153\" src=\"https:\/\/linitiative.ca\/International\/wp-content\/uploads\/sites\/23\/2022\/05\/HACA-Cap-Vert-300x153-1.jpg\" class=\"attachment-medium size-medium wp-post-image\" alt=\"\" loading=\"lazy\" srcset=\"https:\/\/linitiative.ca\/International\/wp-content\/uploads\/sites\/23\/2022\/05\/HACA-Cap-Vert-300x153-1.jpg 300w, https:\/\/aujourdhui.ma\/wp-content\/uploads\/2022\/05\/HACA-Cap-Vert-274x140.jpg 274w, https:\/\/aujourdhui.ma\/wp-content\/uploads\/2022\/05\/HACA-Cap-Vert.jpg 746w, https:\/\/aujourdhui.ma\/wp-content\/uploads\/2022\/05\/HACA-Cap-Vert-165x84.jpg 165w, https:\/\/aujourdhui.ma\/wp-content\/uploads\/2022\/05\/HACA-Cap-Vert-702x358.jpg 702w\" sizes=\"auto, (max-width: 300px) 100vw, 300px\"><\/p>\n<p dir=\"ltr\"><strong>La pr\u00e9sidente de la Haute Autorit\u00e9 de la Communication Audiovisuelle, Mme Latifa Akharbach, a proc\u00e9d\u00e9 \u00e0 la signature, le vendredi 27 mai 2022 avec Mme Arminda Barros, pr\u00e9sidente de l\u2019Autorit\u00e9 de R\u00e9gulation de la Communication (ARC) du Cap Vert, d\u2019une convention de partenariat qui est la premi\u00e8re de genre liant l\u2019instance marocaine \u00e0 une institution homologue d\u2019un pays africain lusophone. <\/strong> <span id=\"more-409147\"><\/span><\/p>\n<p dir=\"ltr\">La c\u00e9r\u00e9monie solennelle de signature de cet accord de coop\u00e9ration s\u2019est d\u00e9roul\u00e9e au si\u00e8ge de l\u2019ARC \u00e0 Praia en pr\u00e9sence du directeur G\u00e9n\u00e9ral de la HACA, M. Benaissa Asloun et de plusieurs responsables de m\u00e9dias capverdiens. Les deux Institutions ind\u00e9pendantes en charge de la r\u00e9gulation des m\u00e9dias ont convenu au titre de cet accord, de renforcer leurs \u00e9changes et de mutualiser leurs exp\u00e9riences concernant les grands enjeux de la r\u00e9gulation tels que la promotion de la libert\u00e9 de la communication audiovisuelle, le renforcement de l\u2019expression pluraliste politique et sociale dans les m\u00e9dias, la garantie de la repr\u00e9sentation de la diversit\u00e9 culturelle et linguistique, la protection du jeune public notamment dans le contexte des nouvelles pratiques m\u00e9diatiques favoris\u00e9es par la transformation num\u00e9rique des m\u00e9dias et de la communication.<\/p>\n<p dir=\"ltr\">L\u2019accord sign\u00e9 \u00a0pr\u00e9voit \u00e9galement la mise \u00e0 disposition au b\u00e9n\u00e9fice du r\u00e9gulateur capverdien, de la solution logicielle d\u00e9di\u00e9e au monitoring des programmes audiovisuels d\u00e9velopp\u00e9e par la HACA et d\u00e9nomm\u00e9e \u00ab\u00a0HACA Media Solutions\u00a0\u00bb(HMS). A cette occasion Mme Latifa Akharbach a pr\u00e9cis\u00e9 \u00e0 l\u2019attention de son vis-\u00e0-vis capverdienne que \u00ab\u00a0c\u2019est la premi\u00e8re fois que la HACA met en place un interface du logiciel HMS en langue portugaise pour en faciliter la prise en main par les cadres de l\u2019ARC\u00a0\u00bb. Pour sa part, Mme Arminda Barros Mme s\u2019est f\u00e9licit\u00e9e du caract\u00e8re concret des axes de coop\u00e9ration retenus par les deux instances. Elle a \u00e9galement exprim\u00e9 sa satisfaction concernant la mise \u00e0 disposition \u00a0de l\u2019ARC du syst\u00e8me de monitoring d\u00e9velopp\u00e9 par la HACA. \u00ab\u00a0HMS permettra \u00e0 notre instance d\u2019installer un syst\u00e8me de monitoring fiable, performant et modulable des programmes des m\u00e9dias audiovisuels \u00e9mettant, sur tout l\u2019archipel cap verdien, que ce soit sur l\u2019\u00eele de Santiago et la capitale Praia que dans les iles avoisinantes de Sal, Boa Vista et Sao Vicente, a-t-elle d\u00e9clar\u00e9 en substance\u00a0\u00bb.<\/p>\n<p dir=\"ltr\">Lors des allocutions prononc\u00e9es \u00e0 l\u2019occasion de la c\u00e9r\u00e9monie de signature, les deux pr\u00e9sidentes se sont engag\u00e9es \u00e9galement \u00e0 renforcer leur concertation dans le cadre de l\u2019action collective au sein du R\u00e9seau des Instances Africaines de R\u00e9gulation de la Communication, le RIARC dont la HACA assumera la pr\u00e9sidence \u00e0 partir de septembre prochain pour un mandat de deux ans.<\/p>\n<p dir=\"ltr\">La d\u00e9l\u00e9gation de la HACA lors de cette visite de travail \u00e0 Praia \u00e9tait \u00e9galement compos\u00e9e de M. Najib Bouezmarni, Directeur Informatique, M. Adil Bourbate, Manager des Syst\u00e8mes d\u2019Exploitation et M. Talal Salahdine, Manager des Affaires Africaines et Internationales.<\/p>\n<p dir=\"ltr\">Outre le lancement officiel des travaux de l\u2019installation de la solution HMS au sein de la direction technique et informatique du r\u00e9gulateur capverdien des m\u00e9dias le programme de la visite a comport\u00e9 \u00e9galement des s\u00e9ances de travail avec la Pr\u00e9sidente de l\u2019ARC, Mme Arminda Barros,\u00a0 ainsi que des visites aux si\u00e8ges de\u00a0 l\u2019op\u00e9rateur du service public de la radio et de la t\u00e9l\u00e9vision, la Radiot\u00e9l\u00e9vision do Cabo Verde et de Cabo Verde Broadcast, l\u2019organe public charg\u00e9 de la t\u00e9l\u00e9diffusion.<\/p>\n<\/div>\n<p>Auteur: ALM<br \/>\n<a href=\"https:\/\/aujourdhui.ma\/actualite\/la-haca-signe-une-convention-de-partenariat-avec-le-regulateur-des-medias-du-cap-vert\">Cliquez ici pour lire l&rsquo;article depuis sa source.<\/a><\/p>\n","protected":false},"excerpt":{"rendered":"<p>La pr\u00e9sidente de la Haute Autorit\u00e9 de la Communication Audiovisuelle, Mme Latifa Akharbach, a proc\u00e9d\u00e9 \u00e0 la signature, le vendredi 27 mai 2022 avec Mme Arminda Barros, pr\u00e9sidente de l\u2019Autorit\u00e9 de R\u00e9gulation de la Communication (ARC) du Cap Vert, d\u2019une convention de partenariat qui est la premi\u00e8re de genre liant l\u2019instance marocaine \u00e0 une institution [&hellip;]<\/p>\n","protected":false},"author":1759,"featured_media":0,"comment_status":"closed","ping_status":"closed","sticky":false,"template":"","format":"standard","meta":{"fifu_image_url":"https:\/\/aujourdhui.ma\/wp-content\/uploads\/2022\/05\/HACA-Cap-Vert-300x153.jpg","fifu_image_alt":"La HACA signe une convention de partenariat avec le r\u00e9gulateur des m\u00e9dias du Cap Vert","footnotes":""},"categories":[73,54],"tags":[],"class_list":["post-148742","post","type-post","status-publish","format-standard","hentry","category-actualite","category-maroc"],"_links":{"self":[{"href":"https:\/\/linitiative.ca\/International\/wp-json\/wp\/v2\/posts\/148742","targetHints":{"allow":["GET"]}}],"collection":[{"href":"https:\/\/linitiative.ca\/International\/wp-json\/wp\/v2\/posts"}],"about":[{"href":"https:\/\/linitiative.ca\/International\/wp-json\/wp\/v2\/types\/post"}],"author":[{"embeddable":true,"href":"https:\/\/linitiative.ca\/International\/wp-json\/wp\/v2\/users\/1759"}],"replies":[{"embeddable":true,"href":"https:\/\/linitiative.ca\/International\/wp-json\/wp\/v2\/comments?post=148742"}],"version-history":[{"count":0,"href":"https:\/\/linitiative.ca\/International\/wp-json\/wp\/v2\/posts\/148742\/revisions"}],"wp:attachment":[{"href":"https:\/\/linitiative.ca\/International\/wp-json\/wp\/v2\/media?parent=148742"}],"wp:term":[{"taxonomy":"category","embeddable":true,"href":"https:\/\/linitiative.ca\/International\/wp-json\/wp\/v2\/categories?post=148742"},{"taxonomy":"post_tag","embeddable":true,"href":"https:\/\/linitiative.ca\/International\/wp-json\/wp\/v2\/tags?post=148742"}],"curies":[{"name":"wp","href":"https:\/\/api.w.org\/{rel}","templated":true}]}}