{"id":148744,"date":"2022-05-27T16:53:40","date_gmt":"2022-05-27T20:53:40","guid":{"rendered":"https:\/\/linitiative.ca\/International\/salon-international-du-livre-et-de-ledition-20-millions-dh-pour-la-27eme-edition\/"},"modified":"2022-05-27T16:53:40","modified_gmt":"2022-05-27T20:53:40","slug":"salon-international-du-livre-et-de-ledition-20-millions-dh-pour-la-27eme-edition","status":"publish","type":"post","link":"https:\/\/linitiative.ca\/International\/salon-international-du-livre-et-de-ledition-20-millions-dh-pour-la-27eme-edition\/","title":{"rendered":"Salon international du livre et de l\u2019\u00e9dition : 20 millions DH pour la 27\u00e8me \u00e9dition"},"content":{"rendered":"<div>\n<p><img decoding=\"async\" width=\"300\" height=\"153\" src=\"https:\/\/linitiative.ca\/International\/wp-content\/uploads\/sites\/23\/2022\/05\/Salon-international-du-livre-de-Montreal-300x153-1.jpg\" class=\"attachment-medium size-medium wp-post-image\" alt=\"\" loading=\"lazy\" srcset=\"https:\/\/linitiative.ca\/International\/wp-content\/uploads\/sites\/23\/2022\/05\/Salon-international-du-livre-de-Montreal-300x153-1.jpg 300w, https:\/\/aujourdhui.ma\/wp-content\/uploads\/2016\/11\/Salon-international-du-livre-de-Montreal.jpg 746w\" sizes=\"auto, (max-width: 300px) 100vw, 300px\"><\/p>\n<p><strong>L\u2019organisation du 27<sup>\u00e8me<\/sup> Siel (Salon international de l\u2019\u00e9dition et du livre) \u00e0 Rabat est marqu\u00e9e par l\u2019augmentation du budget qui lui est allou\u00e9. <span id=\"more-409150\"><\/span><\/strong><\/p>\n<p>Les contours en sont pr\u00e9sent\u00e9s, vendredi lors d\u2019une conf\u00e9rence de presse organis\u00e9e par le d\u00e9partement de Mohamed Mehdi Bensaid, en pr\u00e9lude \u00e0 cette manifestation livresque pr\u00e9vue du 2 au 12 juin sous le haut patronage de SM le Roi. \u00abEn vertu de la Loi de Finances, le budget \u00e9tait fix\u00e9 \u00e0 8 millions DH. Mais cette ann\u00e9e, celui-ci est pass\u00e9 \u00e0 12 millions DH. Un montant qui demeure insuffisant. C\u2019est pour cela que nous avons cherch\u00e9 des partenaires\u00bb, r\u00e9v\u00e8le le ministre de la jeunesse, de la culture et de la communication.<\/p>\n<p><strong>20 millions DH en tout<\/strong><\/p>\n<p>En s\u2019exprimant davantage sur la valeur financi\u00e8re de ce grand \u00e9v\u00e9nement organis\u00e9 auparavant \u00e0 Casablanca, le responsable gouvernemental \u00e9tablit des comparaisons entre l\u2019organisation de celui-ci dans la m\u00e9tropole et la capitale. \u00ab\u00a0Le Siel ne b\u00e9n\u00e9ficiait pas de contribution\u00a0\u00bb, avance l\u2019intervenant qui d\u00e9voile le montant de 8 millions de DH de plus en s\u2019exprimant sur l\u2019apport du conseil de la r\u00e9gion \u00e0 Rabat. Ainsi, la valeur totale du salon est de 20 millions DH pour cette \u00e9dition qui se tient au moment o\u00f9 cette ville est choisie capitale de la culture africaine et islamique. \u00abDe plus, Casablanca regorge de \u00a0chantiers. Cependant, nous travaillons avec le pr\u00e9sident de la r\u00e9gion de la m\u00e9tropole pour concocter un programme culturel pour les Casablancais\u00bb, poursuit le ministre qui r\u00e9v\u00e8le d\u2019autres dessous.<\/p>\n<p><strong>Leila Slimani absente du salon faute d\u2019agenda<\/strong><\/p>\n<p>Par l\u2019occasion, M. Bensaid ne manque pas de reconnaitre avoir \u00ab\u00a0propos\u00e9\u00a0\u00bb \u00e0 l\u2019auteure franco-marocaine, Leila Slimani, de prendre part au Siel. \u00ab\u00a0Mais son agenda ne le lui permet pas\u00a0\u00bb, pr\u00e9cise l\u2019orateur. De m\u00eame, d\u2019autres \u00e9crivains de calibre, y compris ceux africains, sont invit\u00e9s. \u00ab\u00a0Nous avons \u00e9galement convi\u00e9 des personnes qui ne sont jamais venues\u00a0\u00bb, ajoute-t-il en ressortant encore cette question d\u2019agenda. Le tout en \u00e9voquant le travail d\u2019un comit\u00e9 scientifique sur la liste des invit\u00e9s. L\u2019intervenant saisit \u00e9galement son passage pour s\u2019exprimer sur la lecture. \u00ab\u00a0Le minist\u00e8re fournit un effort pour encourager \u00e0 la lecture. Il nous faut une strat\u00e9gie pour cr\u00e9er une relation amoureuse avec le livre\u00a0\u00bb, avoue-t-il. Quant \u00e0 la valeur du Prix du livre, il est pr\u00e9vu qu\u2019elle passe \u00e0 200000 DH. Cela \u00e9tant, la rencontre s\u2019est distingu\u00e9e par la signature de deux conventions avec le conseil de la r\u00e9gion de Rabat. La premi\u00e8re convention cadre est, tel que l\u2019indique le pr\u00e9sident de la r\u00e9gion, Rachid El Abdi, destin\u00e9e \u00e0 \u00ab\u00a0encadrer les strat\u00e9gies de la r\u00e9gion en culture\u00a0\u00bb. Quant \u00e0 la deuxi\u00e8me convention, elle est consacr\u00e9e au Siel. \u00ab\u00a0La r\u00e9gion, ce n\u2019est plus qu\u2019un bailleur de fonds. Plut\u00f4t, nous avons \u00e9galement une conception de la culture. Le Salon n\u2019est qu\u2019un d\u00e9but. Nous avons contribu\u00e9 et nous esp\u00e9rons que cet \u00e9v\u00e9nement ait une dimension plus grande. Nous voulons qu\u2019un salon de livre soit organis\u00e9 dans toutes les provinces. Nous esp\u00e9rons aussi que d\u2019autres secteurs entreprennent la m\u00eame initiative que celle de la culture\u00a0\u00bb, ajoute-t-il.<\/p>\n<p><strong>L\u2019Afrique, invit\u00e9e d\u2019honneur pour la 2<sup>\u00e8me<\/sup> fois<\/strong><\/p>\n<p>Egalement de la partie, l\u2019ambassadeur du Cameroun et doyen des ambassadeurs africains, Mouhamadou Youssifou, qui pr\u00e9cise que le continent est invit\u00e9 pour la deuxi\u00e8me fois au Salon, \u00e9tablit un constat. Pour lui, \u00ab\u00a0la culture et la litt\u00e9rature africaine tardent \u00e0 \u00e9merger \u00e0 l\u2019international vu la faiblesse de diffusion et de traduction\u00a0\u00bb. De son c\u00f4t\u00e9, la commissaire du salon, Latifa Mouftakir, indique que 19 pays africains sont convi\u00e9s. \u00ab\u00a0Nous avons veill\u00e9 \u00e0 inviter des maisons d\u2019\u00e9dition qui ont des nouveaut\u00e9s et pu publier des livres malgr\u00e9 le contexte de la Covid\u00a0\u00bb, poursuit-elle en rappelant que le programme officiel est celui pr\u00e9sent\u00e9 lors de la rencontre avec les m\u00e9dias. Elle annonce des conventions avec des partenaires comme l\u2019ONCF pour une r\u00e9duction de 30% au profit des visiteurs ainsi que des bus dans les gares et deux universit\u00e9s.<\/p>\n<p>De son c\u00f4t\u00e9, l\u2019\u00e9diteur, Abdelkader Retnani annonce le projet d\u2019invitation d\u2019honneur pour le Maroc au Salon de Yaound\u00e9 2023. Une bonne nouvelle.<\/p>\n<\/div>\n<p>Auteur: Salima Guisser<br \/>\n<a href=\"https:\/\/aujourdhui.ma\/actualite\/salon-international-du-livre-et-de-ledition-20-millions-dh-pour-la-27eme-edition\">Cliquez ici pour lire l&rsquo;article depuis sa source.<\/a><\/p>\n","protected":false},"excerpt":{"rendered":"<p>L\u2019organisation du 27\u00e8me Siel (Salon international de l\u2019\u00e9dition et du livre) \u00e0 Rabat est marqu\u00e9e par l\u2019augmentation du budget qui lui est allou\u00e9. Les contours en sont pr\u00e9sent\u00e9s, vendredi lors d\u2019une conf\u00e9rence de presse organis\u00e9e par le d\u00e9partement de Mohamed Mehdi Bensaid, en pr\u00e9lude \u00e0 cette manifestation livresque pr\u00e9vue du 2 au 12 juin sous [&hellip;]<\/p>\n","protected":false},"author":1759,"featured_media":0,"comment_status":"closed","ping_status":"closed","sticky":false,"template":"","format":"standard","meta":{"fifu_image_url":"https:\/\/aujourdhui.ma\/wp-content\/uploads\/2016\/11\/Salon-international-du-livre-de-Montreal-300x153.jpg","fifu_image_alt":"Salon international du livre et de l\u2019\u00e9dition : 20 millions DH pour la 27\u00e8me \u00e9dition","footnotes":""},"categories":[73,54],"tags":[],"class_list":["post-148744","post","type-post","status-publish","format-standard","hentry","category-actualite","category-maroc"],"_links":{"self":[{"href":"https:\/\/linitiative.ca\/International\/wp-json\/wp\/v2\/posts\/148744","targetHints":{"allow":["GET"]}}],"collection":[{"href":"https:\/\/linitiative.ca\/International\/wp-json\/wp\/v2\/posts"}],"about":[{"href":"https:\/\/linitiative.ca\/International\/wp-json\/wp\/v2\/types\/post"}],"author":[{"embeddable":true,"href":"https:\/\/linitiative.ca\/International\/wp-json\/wp\/v2\/users\/1759"}],"replies":[{"embeddable":true,"href":"https:\/\/linitiative.ca\/International\/wp-json\/wp\/v2\/comments?post=148744"}],"version-history":[{"count":0,"href":"https:\/\/linitiative.ca\/International\/wp-json\/wp\/v2\/posts\/148744\/revisions"}],"wp:attachment":[{"href":"https:\/\/linitiative.ca\/International\/wp-json\/wp\/v2\/media?parent=148744"}],"wp:term":[{"taxonomy":"category","embeddable":true,"href":"https:\/\/linitiative.ca\/International\/wp-json\/wp\/v2\/categories?post=148744"},{"taxonomy":"post_tag","embeddable":true,"href":"https:\/\/linitiative.ca\/International\/wp-json\/wp\/v2\/tags?post=148744"}],"curies":[{"name":"wp","href":"https:\/\/api.w.org\/{rel}","templated":true}]}}