{"id":148757,"date":"2022-05-27T15:41:00","date_gmt":"2022-05-27T19:41:00","guid":{"rendered":"https:\/\/linitiative.ca\/International\/real-liverpool-la-raison-pour-laquelle-benzema-na-pas-voulu-se-rendre-en-conference-de-presse\/"},"modified":"2022-05-27T15:41:00","modified_gmt":"2022-05-27T19:41:00","slug":"real-liverpool-la-raison-pour-laquelle-benzema-na-pas-voulu-se-rendre-en-conference-de-presse","status":"publish","type":"post","link":"https:\/\/linitiative.ca\/International\/real-liverpool-la-raison-pour-laquelle-benzema-na-pas-voulu-se-rendre-en-conference-de-presse\/","title":{"rendered":"Real-Liverpool : La raison pour laquelle Benzema n&rsquo;a pas voulu se rendre en conf\u00e9rence de presse"},"content":{"rendered":"<div>Karim Benzema a pris la d\u00e9cision de ne pas se rendre en conf\u00e9rence de presse avant la finale de Ligue des Champions entre le Real Madrid et Liverpool<\/div>\n<p>Auteur:<br \/>\n<a href=\"https:\/\/www.lebuteur.com\/article\/detail?titre=real-liverpool-la-raison-pour-laquelle-benzema-na-pas-voulu-se-rendre-en-conference-de-presse&#038;id=102939\">Cliquez ici pour lire l&rsquo;article depuis sa source.<\/a><\/p>\n","protected":false},"excerpt":{"rendered":"<p>Karim Benzema a pris la d\u00e9cision de ne pas se rendre en conf\u00e9rence de presse avant la finale de Ligue des Champions entre le Real Madrid et Liverpool Auteur: Cliquez ici pour lire l&rsquo;article depuis sa source.<\/p>\n","protected":false},"author":1738,"featured_media":0,"comment_status":"closed","ping_status":"closed","sticky":false,"template":"","format":"standard","meta":{"fifu_image_url":"","fifu_image_alt":"","footnotes":""},"categories":[53,75],"tags":[],"class_list":["post-148757","post","type-post","status-publish","format-standard","hentry","category-algerie","category-sport"],"_links":{"self":[{"href":"https:\/\/linitiative.ca\/International\/wp-json\/wp\/v2\/posts\/148757","targetHints":{"allow":["GET"]}}],"collection":[{"href":"https:\/\/linitiative.ca\/International\/wp-json\/wp\/v2\/posts"}],"about":[{"href":"https:\/\/linitiative.ca\/International\/wp-json\/wp\/v2\/types\/post"}],"author":[{"embeddable":true,"href":"https:\/\/linitiative.ca\/International\/wp-json\/wp\/v2\/users\/1738"}],"replies":[{"embeddable":true,"href":"https:\/\/linitiative.ca\/International\/wp-json\/wp\/v2\/comments?post=148757"}],"version-history":[{"count":0,"href":"https:\/\/linitiative.ca\/International\/wp-json\/wp\/v2\/posts\/148757\/revisions"}],"wp:attachment":[{"href":"https:\/\/linitiative.ca\/International\/wp-json\/wp\/v2\/media?parent=148757"}],"wp:term":[{"taxonomy":"category","embeddable":true,"href":"https:\/\/linitiative.ca\/International\/wp-json\/wp\/v2\/categories?post=148757"},{"taxonomy":"post_tag","embeddable":true,"href":"https:\/\/linitiative.ca\/International\/wp-json\/wp\/v2\/tags?post=148757"}],"curies":[{"name":"wp","href":"https:\/\/api.w.org\/{rel}","templated":true}]}}