{"id":148775,"date":"2022-05-28T08:18:04","date_gmt":"2022-05-28T12:18:04","guid":{"rendered":"https:\/\/linitiative.ca\/International\/maroc-france-lexercice-de-cooperation-militaire-mirage-touche-a-sa-fin\/"},"modified":"2022-05-28T08:18:04","modified_gmt":"2022-05-28T12:18:04","slug":"maroc-france-lexercice-de-cooperation-militaire-mirage-touche-a-sa-fin","status":"publish","type":"post","link":"https:\/\/linitiative.ca\/International\/maroc-france-lexercice-de-cooperation-militaire-mirage-touche-a-sa-fin\/","title":{"rendered":"Maroc\/France: l\u2019exercice de coop\u00e9ration militaire \u00ab\u00a0Mirage\u00a0\u00bb touche \u00e0 sa fin"},"content":{"rendered":"<div>\n<p><img decoding=\"async\" width=\"300\" height=\"168\" src=\"https:\/\/linitiative.ca\/International\/wp-content\/uploads\/sites\/23\/2022\/05\/16537402843740.jpg\" class=\"attachment-post-thumbnail size-post-thumbnail wp-post-image\" alt=\"\" loading=\"lazy\" srcset=\"https:\/\/linitiative.ca\/International\/wp-content\/uploads\/sites\/23\/2022\/05\/16537402843740.jpg 300w, https:\/\/www.journalducameroun.com\/wp-content\/uploads\/2022\/05\/16537402843740-780x440.jpg 780w, https:\/\/www.journalducameroun.com\/wp-content\/uploads\/2022\/05\/16537402843740-160x90.jpg 160w, https:\/\/www.journalducameroun.com\/wp-content\/uploads\/2022\/05\/16537402843740-240x135.jpg 240w\" sizes=\"auto, (max-width: 300px) 100vw, 300px\"><\/p>\n<p>Les arm\u00e9es de l&rsquo;air fran\u00e7aise et marocaine ont achev\u00e9 vendredi au Maroc un exercice d&rsquo;entra\u00eenement de Mirage, pour la premi\u00e8re fois depuis dix ans, visant \u00e0 \u00ab\u00a0renforcer la coop\u00e9ration a\u00e9ronautique militaire\u00a0\u00bb bilat\u00e9rale, selon des sources diplomatiques et militaires.Baptis\u00e9 \u00ab\u00a0Marathon 2022\u00a0\u00bb, cet exercice s&rsquo;est d\u00e9roul\u00e9 \u00e0 partir du 16 mai depuis la base a\u00e9rienne des Forces Royales Air (FRA) de Sidi Slimane, pr\u00e8s de Rabat.<\/p>\n<p>Trois Mirage 2000D bas\u00e9s \u00e0 Nancy (est de la France), ont \u00e9t\u00e9 d\u00e9ploy\u00e9s, au sein d&rsquo;un d\u00e9tachement rassemblant pr\u00e8s de 80 personnes, et des Mirage F1-M marocains.<\/p>\n<p>\u00ab\u00a0Marathon 2022\u00a0\u00bb a \u00e9t\u00e9 \u00ab\u00a0l&rsquo;occasion pour les pilotes tant marocains que fran\u00e7ais d&rsquo;entra\u00eener leur interop\u00e9rabilit\u00e9, notamment par le partage des exp\u00e9riences tactiques mais aussi techniques relatives \u00e0 l&#8217;emploi de certaines armes et munitions\u00a0\u00bb, a pr\u00e9cis\u00e9 \u00e0 la presse internationale l&rsquo;ambassade de France au Maroc.\u00a0Deux entra\u00eenements ont \u00e9t\u00e9 conduits quotidiennement, partant de la pr\u00e9paration de missions conjointes (chasse air-air, bombardement en profondeur) \u00e0 leur ex\u00e9cution, a indiqu\u00e9 la m\u00eame source.<\/p>\n<p>Le pr\u00e9c\u00e9dent exercice de l&rsquo;arm\u00e9e de l&rsquo;air fran\u00e7aise au Maroc &#8211;une campagne de tir&#8211; remonte \u00e0 d\u00e9cembre 2012, selon le minist\u00e8re fran\u00e7ais des Arm\u00e9es.<\/p>\n<p>Cet article <a rel=\"nofollow\" href=\"https:\/\/www.journalducameroun.com\/maroc-france-lexercice-de-cooperation-militaire-mirage-touche-a-sa-fin\/\">Maroc\/France: l\u2019exercice de coop\u00e9ration militaire \u00ab\u00a0Mirage\u00a0\u00bb touche \u00e0 sa fin<\/a> est apparu en premier sur <a rel=\"nofollow\" href=\"https:\/\/www.journalducameroun.com\/\">Journal du Cameroun<\/a>.<\/p>\n<\/div>\n<p>Auteur: APA News<br \/>\n<a href=\"https:\/\/www.journalducameroun.com\/maroc-france-lexercice-de-cooperation-militaire-mirage-touche-a-sa-fin\/\">Cliquez ici pour lire l&rsquo;article depuis sa source.<\/a><\/p>\n","protected":false},"excerpt":{"rendered":"<p>Les arm\u00e9es de l&rsquo;air fran\u00e7aise et marocaine ont achev\u00e9 vendredi au Maroc un exercice d&rsquo;entra\u00eenement de Mirage, pour la premi\u00e8re fois depuis dix ans, visant \u00e0 \u00ab\u00a0renforcer la coop\u00e9ration a\u00e9ronautique militaire\u00a0\u00bb bilat\u00e9rale, selon des sources diplomatiques et militaires.Baptis\u00e9 \u00ab\u00a0Marathon 2022\u00a0\u00bb, cet exercice s&rsquo;est d\u00e9roul\u00e9 \u00e0 partir du 16 mai depuis la base a\u00e9rienne des Forces [&hellip;]<\/p>\n","protected":false},"author":1965,"featured_media":0,"comment_status":"closed","ping_status":"closed","sticky":false,"template":"","format":"standard","meta":{"fifu_image_url":"https:\/\/www.journalducameroun.com\/wp-content\/uploads\/2022\/05\/16537402843740.jpg","fifu_image_alt":"Maroc\/France: l\u2019exercice de coop\u00e9ration militaire \u00ab\u00a0Mirage\u00a0\u00bb touche \u00e0 sa fin","footnotes":""},"categories":[73,82],"tags":[],"class_list":["post-148775","post","type-post","status-publish","format-standard","hentry","category-actualite","category-cameroun"],"_links":{"self":[{"href":"https:\/\/linitiative.ca\/International\/wp-json\/wp\/v2\/posts\/148775","targetHints":{"allow":["GET"]}}],"collection":[{"href":"https:\/\/linitiative.ca\/International\/wp-json\/wp\/v2\/posts"}],"about":[{"href":"https:\/\/linitiative.ca\/International\/wp-json\/wp\/v2\/types\/post"}],"author":[{"embeddable":true,"href":"https:\/\/linitiative.ca\/International\/wp-json\/wp\/v2\/users\/1965"}],"replies":[{"embeddable":true,"href":"https:\/\/linitiative.ca\/International\/wp-json\/wp\/v2\/comments?post=148775"}],"version-history":[{"count":0,"href":"https:\/\/linitiative.ca\/International\/wp-json\/wp\/v2\/posts\/148775\/revisions"}],"wp:attachment":[{"href":"https:\/\/linitiative.ca\/International\/wp-json\/wp\/v2\/media?parent=148775"}],"wp:term":[{"taxonomy":"category","embeddable":true,"href":"https:\/\/linitiative.ca\/International\/wp-json\/wp\/v2\/categories?post=148775"},{"taxonomy":"post_tag","embeddable":true,"href":"https:\/\/linitiative.ca\/International\/wp-json\/wp\/v2\/tags?post=148775"}],"curies":[{"name":"wp","href":"https:\/\/api.w.org\/{rel}","templated":true}]}}