{"id":148779,"date":"2022-05-28T08:18:04","date_gmt":"2022-05-28T12:18:04","guid":{"rendered":"https:\/\/linitiative.ca\/International\/maroc-interdiction-dune-manifestation-contre-la-vie-chere-et-la-normalisation-avec-israel\/"},"modified":"2022-05-28T08:18:04","modified_gmt":"2022-05-28T12:18:04","slug":"maroc-interdiction-dune-manifestation-contre-la-vie-chere-et-la-normalisation-avec-israel","status":"publish","type":"post","link":"https:\/\/linitiative.ca\/International\/maroc-interdiction-dune-manifestation-contre-la-vie-chere-et-la-normalisation-avec-israel\/","title":{"rendered":"Maroc: interdiction d\u2019une manifestation contre la vie ch\u00e8re et la normalisation avec Isra\u00ebl"},"content":{"rendered":"<div>\n<p><img decoding=\"async\" width=\"299\" height=\"168\" src=\"https:\/\/linitiative.ca\/International\/wp-content\/uploads\/sites\/23\/2022\/05\/16537402847657.jpg\" class=\"attachment-post-thumbnail size-post-thumbnail wp-post-image\" alt=\"\" loading=\"lazy\" srcset=\"https:\/\/linitiative.ca\/International\/wp-content\/uploads\/sites\/23\/2022\/05\/16537402847657.jpg 299w, https:\/\/www.journalducameroun.com\/wp-content\/uploads\/2022\/05\/16537402847657-780x440.jpg 780w, https:\/\/www.journalducameroun.com\/wp-content\/uploads\/2022\/05\/16537402847657-380x215.jpg 380w, https:\/\/www.journalducameroun.com\/wp-content\/uploads\/2022\/05\/16537402847657-160x90.jpg 160w, https:\/\/www.journalducameroun.com\/wp-content\/uploads\/2022\/05\/16537402847657-240x135.jpg 240w\" sizes=\"auto, (max-width: 299px) 100vw, 299px\"><\/p>\n<p>Les autorit\u00e9s marocaines ont annonc\u00e9 l&rsquo;interdiction d&rsquo;une manifestation pr\u00e9vue dimanche \u00e0 Casablanca contre la chert\u00e9 de la vie, les \u00ab\u00a0restrictions aux libert\u00e9s\u00a0\u00bb et la normalisation avec Isra\u00ebl, ont affirm\u00e9 vendredi les organisateurs dans un communiqu\u00e9.\u00a0\u00bbLes autorit\u00e9s locales nous ont notifi\u00e9 l&rsquo;interdiction de la manifestation nationale en invoquant le maintien de l&rsquo;ordre public\u00a0\u00bb, a soulign\u00e9 la coordination du Front social marocain, compos\u00e9e de partis de gauche et de syndicats.<\/p>\n<p>Cette d\u00e9cision est \u00e9galement motiv\u00e9e par \u00ab\u00a0le non-respect des exigences l\u00e9gales li\u00e9es aux marches et manifestations publiques\u00a0\u00bb, a rapport\u00e9 la presse locale, en citant la pr\u00e9fecture de Casablanca.\u00a0<\/p>\n<p>Le Front social a d\u00e9nonc\u00e9 cette interdiction qui \u00ab\u00a0montre que la r\u00e9ponse syst\u00e9matique (des autorit\u00e9s) est la r\u00e9pression et les restrictions aux droits et libert\u00e9s\u00a0\u00bb.<\/p>\n<p>Cet article <a rel=\"nofollow\" href=\"https:\/\/www.journalducameroun.com\/maroc-interdiction-dune-manifestation-contre-la-vie-chere-et-la-normalisation-avec-israel\/\">Maroc: interdiction d\u2019une manifestation contre la vie ch\u00e8re et la normalisation avec Isra\u00ebl<\/a> est apparu en premier sur <a rel=\"nofollow\" href=\"https:\/\/www.journalducameroun.com\/\">Journal du Cameroun<\/a>.<\/p>\n<\/div>\n<p>Auteur: APA News<br \/>\n<a href=\"https:\/\/www.journalducameroun.com\/maroc-interdiction-dune-manifestation-contre-la-vie-chere-et-la-normalisation-avec-israel\/\">Cliquez ici pour lire l&rsquo;article depuis sa source.<\/a><\/p>\n","protected":false},"excerpt":{"rendered":"<p>Les autorit\u00e9s marocaines ont annonc\u00e9 l&rsquo;interdiction d&rsquo;une manifestation pr\u00e9vue dimanche \u00e0 Casablanca contre la chert\u00e9 de la vie, les \u00ab\u00a0restrictions aux libert\u00e9s\u00a0\u00bb et la normalisation avec Isra\u00ebl, ont affirm\u00e9 vendredi les organisateurs dans un communiqu\u00e9.\u00a0\u00bbLes autorit\u00e9s locales nous ont notifi\u00e9 l&rsquo;interdiction de la manifestation nationale en invoquant le maintien de l&rsquo;ordre public\u00a0\u00bb, a soulign\u00e9 la [&hellip;]<\/p>\n","protected":false},"author":1965,"featured_media":0,"comment_status":"closed","ping_status":"closed","sticky":false,"template":"","format":"standard","meta":{"fifu_image_url":"https:\/\/www.journalducameroun.com\/wp-content\/uploads\/2022\/05\/16537402847657.jpg","fifu_image_alt":"Maroc: interdiction d\u2019une manifestation contre la vie ch\u00e8re et la normalisation avec Isra\u00ebl","footnotes":""},"categories":[73,82],"tags":[],"class_list":["post-148779","post","type-post","status-publish","format-standard","hentry","category-actualite","category-cameroun"],"_links":{"self":[{"href":"https:\/\/linitiative.ca\/International\/wp-json\/wp\/v2\/posts\/148779","targetHints":{"allow":["GET"]}}],"collection":[{"href":"https:\/\/linitiative.ca\/International\/wp-json\/wp\/v2\/posts"}],"about":[{"href":"https:\/\/linitiative.ca\/International\/wp-json\/wp\/v2\/types\/post"}],"author":[{"embeddable":true,"href":"https:\/\/linitiative.ca\/International\/wp-json\/wp\/v2\/users\/1965"}],"replies":[{"embeddable":true,"href":"https:\/\/linitiative.ca\/International\/wp-json\/wp\/v2\/comments?post=148779"}],"version-history":[{"count":0,"href":"https:\/\/linitiative.ca\/International\/wp-json\/wp\/v2\/posts\/148779\/revisions"}],"wp:attachment":[{"href":"https:\/\/linitiative.ca\/International\/wp-json\/wp\/v2\/media?parent=148779"}],"wp:term":[{"taxonomy":"category","embeddable":true,"href":"https:\/\/linitiative.ca\/International\/wp-json\/wp\/v2\/categories?post=148779"},{"taxonomy":"post_tag","embeddable":true,"href":"https:\/\/linitiative.ca\/International\/wp-json\/wp\/v2\/tags?post=148779"}],"curies":[{"name":"wp","href":"https:\/\/api.w.org\/{rel}","templated":true}]}}