{"id":14878,"date":"2019-02-17T11:51:44","date_gmt":"2019-02-17T16:51:44","guid":{"rendered":"https:\/\/linitiative.ca\/International\/la-situation-de-la-femme-marocaine-entre-les-realisations-et-les-defis-dun-nouveau-modele-de-developpement-au-centre-dune-conference-a-marrakech\/"},"modified":"2019-02-17T11:51:44","modified_gmt":"2019-02-17T16:51:44","slug":"la-situation-de-la-femme-marocaine-entre-les-realisations-et-les-defis-dun-nouveau-modele-de-developpement-au-centre-dune-conference-a-marrakech","status":"publish","type":"post","link":"https:\/\/linitiative.ca\/International\/la-situation-de-la-femme-marocaine-entre-les-realisations-et-les-defis-dun-nouveau-modele-de-developpement-au-centre-dune-conference-a-marrakech\/","title":{"rendered":"La situation de la femme marocaine entre les r\u00e9alisations et les d\u00e9fis d\u2019un nouveau mod\u00e8le de d\u00e9veloppement, au centre d\u2019une conf\u00e9rence \u00e0 Marrakech"},"content":{"rendered":"<div readability=\"38\">\n<p>Marrakech, 17\/02\/2019 (MAP)- La situation de la femme marocaine entre les r\u00e9alisations et les d\u00e9fis d\u2019un nouveau mod\u00e8le de d\u00e9veloppement consacrant le principe de parit\u00e9, d\u2019\u00e9galit\u00e9 des chances et adoptant l\u2019approche-genre, a \u00e9t\u00e9 au centre d\u2019une conf\u00e9rence tenue samedi \u00e0 Marrakech.<\/p>\n<\/div>\n<div readability=\"86\">\n<p>Organis\u00e9e par l\u2019Instance de la parit\u00e9, de l\u2019\u00e9galit\u00e9 des chances et de l\u2019approche-genre de la cit\u00e9 ocre en partenariat avec des acteurs de la soci\u00e9t\u00e9 civile, cette rencontre, initi\u00e9e sous le th\u00e8me \u00ab\u00a0la femme, un acteur essentiel dans la r\u00e9alisation du d\u00e9veloppement\u00a0\u00bb, avait pour objectif de contribuer \u00e0 la cr\u00e9ation d\u2019une dynamique locale et \u00e0 la f\u00e9d\u00e9ration des efforts visant \u00e0 \u00e9riger les m\u00e9canismes de la d\u00e9mocratie participative en un levier du nouveau mod\u00e8le de d\u00e9veloppement, et de renforcer les modes de coop\u00e9ration et de coordination entre la soci\u00e9t\u00e9 civile et les acteurs locaux, tout en engageant une v\u00e9ritable r\u00e9flexion sur ce mod\u00e8le de d\u00e9veloppement.<\/p>\n<p>Lors de cette conf\u00e9rence, les participants, dont des acteurs \u00e9conomiques et associatifs ainsi que des enseignants chercheurs, ont indiqu\u00e9 que les fondements du nouveau mod\u00e8le de d\u00e9veloppement consistent en l\u2019exploitation optimale des ressources naturelles et la qualification de l\u2019\u00e9l\u00e9ment humain afin de cr\u00e9er la richesse susceptible de r\u00e9aliser le progr\u00e8s et d\u2019am\u00e9liorer les conditions de vie, soulignant la n\u00e9cessit\u00e9 de la promotion et de l\u2019appui de l\u2019\u00e9conomie sociale et solidaire \u00e0 travers la formation et la qualification des jeunes cadres associatifs sp\u00e9cialis\u00e9s.<\/p>\n<p>Apr\u00e8s avoir plaid\u00e9 pour l\u2019\u00e9laboration d\u2019une vision strat\u00e9gique favorisant un d\u00e9veloppement int\u00e9gr\u00e9 et durable et d\u00e9finissant les axes de ce nouveau mod\u00e8le, ils ont relev\u00e9 l\u2019importance de la cr\u00e9ation d\u2019une banque d\u2019investissements au niveau r\u00e9gional en vue d\u2019assurer le financement des entreprises locales et d\u2019accompagner les jeunes et les entreprises f\u00e9minines.<\/p>\n<p>S\u2019agissant de la lutte contre la violence et la discrimination, les participants ont insist\u00e9 sur la n\u00e9cessit\u00e9 de la mise sur pied d\u2019un m\u00e9canisme interne au sein des si\u00e8ges des collectivit\u00e9s locales, d\u00e9di\u00e9 \u00e0 l\u2019\u00e9coute et \u00e0 l\u2019orientation sociale, ainsi que de la cr\u00e9ation d\u2019un observatoire r\u00e9gional pour la lutte contre la violence \u00e0 l\u2019\u00e9gard des femmes, tout en veillant \u00e0 tirer profit des exp\u00e9riences internationales en la mati\u00e8re pour trouver les solutions susceptibles d\u2019assurer l\u2019efficience et l\u2019efficacit\u00e9 requises dans le domaine de la lutte contre la violence \u00e0 l\u2019\u00e9gard des femmes.<\/p>\n<p>Lors de cette conf\u00e9rence, les participants ont d\u00e9battu de plusieurs th\u00e8mes, notamment les politiques nationales de d\u00e9veloppement, les dimensions plurielles de l\u2019\u00e9galit\u00e9 des chances et le d\u00e9veloppement, les acquis du mouvement f\u00e9minin au Maroc, et les perceptions par les femmes du d\u00e9veloppement territorial.<\/p>\n<p>Cette rencontre a \u00e9t\u00e9 aussi marqu\u00e9e par l\u2019organisation d\u2019ateliers sur l\u2019approche genre dans la planification du d\u00e9veloppement des collectivit\u00e9s locales, le r\u00f4le de l\u2019Instance de la parit\u00e9, de l\u2019\u00e9galit\u00e9 des chances et de l\u2019approche genre dans l\u2019\u00e9laboration, le suivi et l\u2019\u00e9valuation des politiques publiques locales, les syst\u00e8mes de protection sociale et la femme, ainsi que sur l\u2019autonomisation \u00e9conomique de la femme et les m\u00e9canismes de soutien.<\/p>\n<\/div>\n<p>Auteur: Meriem IGASS<br \/>\n<a href=\"http:\/\/www.mapmarrakech.ma\/fr\/la-situation-de-la-femme-marocaine-entre-les-realisations-et-les-defis-dun-nouveau-modele-de-developpement-au-centre-dune-conference-a-marrakech\/\">Cliquez ici pour lire l&rsquo;article depuis sa source.<\/a><\/p>\n","protected":false},"excerpt":{"rendered":"<p>Marrakech, 17\/02\/2019 (MAP)- La situation de la femme marocaine entre les r\u00e9alisations et les d\u00e9fis d\u2019un nouveau mod\u00e8le de d\u00e9veloppement consacrant le principe de parit\u00e9, d\u2019\u00e9galit\u00e9 des chances et adoptant l\u2019approche-genre, a \u00e9t\u00e9 au centre d\u2019une conf\u00e9rence tenue samedi \u00e0 Marrakech. Organis\u00e9e par l\u2019Instance de la parit\u00e9, de l\u2019\u00e9galit\u00e9 des chances et de l\u2019approche-genre de [&hellip;]<\/p>\n","protected":false},"author":1788,"featured_media":0,"comment_status":"closed","ping_status":"closed","sticky":false,"template":"","format":"standard","meta":{"fifu_image_url":"","fifu_image_alt":"","footnotes":""},"categories":[54,76],"tags":[],"class_list":["post-14878","post","type-post","status-publish","format-standard","hentry","category-maroc","category-regions"],"_links":{"self":[{"href":"https:\/\/linitiative.ca\/International\/wp-json\/wp\/v2\/posts\/14878","targetHints":{"allow":["GET"]}}],"collection":[{"href":"https:\/\/linitiative.ca\/International\/wp-json\/wp\/v2\/posts"}],"about":[{"href":"https:\/\/linitiative.ca\/International\/wp-json\/wp\/v2\/types\/post"}],"author":[{"embeddable":true,"href":"https:\/\/linitiative.ca\/International\/wp-json\/wp\/v2\/users\/1788"}],"replies":[{"embeddable":true,"href":"https:\/\/linitiative.ca\/International\/wp-json\/wp\/v2\/comments?post=14878"}],"version-history":[{"count":0,"href":"https:\/\/linitiative.ca\/International\/wp-json\/wp\/v2\/posts\/14878\/revisions"}],"wp:attachment":[{"href":"https:\/\/linitiative.ca\/International\/wp-json\/wp\/v2\/media?parent=14878"}],"wp:term":[{"taxonomy":"category","embeddable":true,"href":"https:\/\/linitiative.ca\/International\/wp-json\/wp\/v2\/categories?post=14878"},{"taxonomy":"post_tag","embeddable":true,"href":"https:\/\/linitiative.ca\/International\/wp-json\/wp\/v2\/tags?post=14878"}],"curies":[{"name":"wp","href":"https:\/\/api.w.org\/{rel}","templated":true}]}}