{"id":148788,"date":"2022-05-29T09:11:13","date_gmt":"2022-05-29T13:11:13","guid":{"rendered":"https:\/\/linitiative.ca\/International\/ambiance-de-fete-chez-les-supporters-du-real-madrid-a-casablanca\/"},"modified":"2022-05-29T09:11:13","modified_gmt":"2022-05-29T13:11:13","slug":"ambiance-de-fete-chez-les-supporters-du-real-madrid-a-casablanca","status":"publish","type":"post","link":"https:\/\/linitiative.ca\/International\/ambiance-de-fete-chez-les-supporters-du-real-madrid-a-casablanca\/","title":{"rendered":"Ambiance de f\u00eate chez les supporters du Real Madrid \u00e0 Casablanca\u00a0"},"content":{"rendered":"<div>\n<p><img decoding=\"async\" width=\"300\" height=\"153\" src=\"https:\/\/linitiative.ca\/International\/wp-content\/uploads\/sites\/23\/2022\/05\/Ambiance-de-fete-chez-les-supporters-du-Real-Madrid-a-Casablanca-300x153-1.png\" class=\"attachment-medium size-medium wp-post-image\" alt=\"\" loading=\"lazy\" srcset=\"https:\/\/linitiative.ca\/International\/wp-content\/uploads\/sites\/23\/2022\/05\/Ambiance-de-fete-chez-les-supporters-du-Real-Madrid-a-Casablanca-300x153-1.png 300w, https:\/\/aujourdhui.ma\/wp-content\/uploads\/2022\/05\/Ambiance-de-fete-chez-les-supporters-du-Real-Madrid-a-Casablanca-274x140.png 274w, https:\/\/aujourdhui.ma\/wp-content\/uploads\/2022\/05\/Ambiance-de-fete-chez-les-supporters-du-Real-Madrid-a-Casablanca.png 746w, https:\/\/aujourdhui.ma\/wp-content\/uploads\/2022\/05\/Ambiance-de-fete-chez-les-supporters-du-Real-Madrid-a-Casablanca-165x84.png 165w, https:\/\/aujourdhui.ma\/wp-content\/uploads\/2022\/05\/Ambiance-de-fete-chez-les-supporters-du-Real-Madrid-a-Casablanca-702x358.png 702w\" sizes=\"auto, (max-width: 300px) 100vw, 300px\"><\/p>\n<p>Les supporters madril\u00e8nes de la Pe\u00f1a Casa Madridista \u00e9taient au rendez-vous le 28 mai 2022 pour suivre en direct dans un Palace Casablanca la finale de la champion\u2019s League opposant leur club pr\u00e9f\u00e9r\u00e9 \u00e0 l\u2019\u00e9quipe anglaise de Liverpool. Cette soir\u00e9e organis\u00e9e par\u00a0la\u00a0<em>Pe\u00f1a Casa Madridista a r\u00e9uni les<\/em>\u00a0supporters du Real Madrid et des anciens internationaux marocains qui n\u2019ont pas manqu\u00e9 l\u2019occasion pour exprimer leur total soutien au Wydad de Casablanca. Ce dernier disputera ce lundi son match contre Al Ahly pour le compte de la finale de la Ligue des champions d\u2019Afrique. Coulisse et ambiance en vid\u00e9o \u2026<\/p>\n<p>Reportage\u00a0 Chafik Arich<\/p>\n<p>\u00a0<\/p>\n<p>\u00a0<\/p>\n<\/div>\n<p>Auteur: ALM<br \/>\n<a href=\"https:\/\/aujourdhui.ma\/sports\/ambiance-de-fete-chez-les-supporters-du-real-madrid-a-casablanca\">Cliquez ici pour lire l&rsquo;article depuis sa source.<\/a><\/p>\n","protected":false},"excerpt":{"rendered":"<p>Les supporters madril\u00e8nes de la Pe\u00f1a Casa Madridista \u00e9taient au rendez-vous le 28 mai 2022 pour suivre en direct dans un Palace Casablanca la finale de la champion\u2019s League opposant leur club pr\u00e9f\u00e9r\u00e9 \u00e0 l\u2019\u00e9quipe anglaise de Liverpool. Cette soir\u00e9e organis\u00e9e par\u00a0la\u00a0Pe\u00f1a Casa Madridista a r\u00e9uni les\u00a0supporters du Real Madrid et des anciens internationaux marocains [&hellip;]<\/p>\n","protected":false},"author":1759,"featured_media":0,"comment_status":"closed","ping_status":"closed","sticky":false,"template":"","format":"standard","meta":{"fifu_image_url":"https:\/\/aujourdhui.ma\/wp-content\/uploads\/2022\/05\/Ambiance-de-fete-chez-les-supporters-du-Real-Madrid-a-Casablanca-300x153.png","fifu_image_alt":"Ambiance de f\u00eate chez les supporters du Real Madrid \u00e0 Casablanca\u00a0","footnotes":""},"categories":[73,54],"tags":[],"class_list":["post-148788","post","type-post","status-publish","format-standard","hentry","category-actualite","category-maroc"],"_links":{"self":[{"href":"https:\/\/linitiative.ca\/International\/wp-json\/wp\/v2\/posts\/148788","targetHints":{"allow":["GET"]}}],"collection":[{"href":"https:\/\/linitiative.ca\/International\/wp-json\/wp\/v2\/posts"}],"about":[{"href":"https:\/\/linitiative.ca\/International\/wp-json\/wp\/v2\/types\/post"}],"author":[{"embeddable":true,"href":"https:\/\/linitiative.ca\/International\/wp-json\/wp\/v2\/users\/1759"}],"replies":[{"embeddable":true,"href":"https:\/\/linitiative.ca\/International\/wp-json\/wp\/v2\/comments?post=148788"}],"version-history":[{"count":0,"href":"https:\/\/linitiative.ca\/International\/wp-json\/wp\/v2\/posts\/148788\/revisions"}],"wp:attachment":[{"href":"https:\/\/linitiative.ca\/International\/wp-json\/wp\/v2\/media?parent=148788"}],"wp:term":[{"taxonomy":"category","embeddable":true,"href":"https:\/\/linitiative.ca\/International\/wp-json\/wp\/v2\/categories?post=148788"},{"taxonomy":"post_tag","embeddable":true,"href":"https:\/\/linitiative.ca\/International\/wp-json\/wp\/v2\/tags?post=148788"}],"curies":[{"name":"wp","href":"https:\/\/api.w.org\/{rel}","templated":true}]}}