{"id":14879,"date":"2019-02-17T11:57:36","date_gmt":"2019-02-17T16:57:36","guid":{"rendered":"https:\/\/linitiative.ca\/International\/marrakech-arrestation-dun-individu-pour-son-implication-presumee-dans-une-affaire-de-coups-et-blessures-ayant-entraine-la-mort\/"},"modified":"2019-02-17T11:57:36","modified_gmt":"2019-02-17T16:57:36","slug":"marrakech-arrestation-dun-individu-pour-son-implication-presumee-dans-une-affaire-de-coups-et-blessures-ayant-entraine-la-mort","status":"publish","type":"post","link":"https:\/\/linitiative.ca\/International\/marrakech-arrestation-dun-individu-pour-son-implication-presumee-dans-une-affaire-de-coups-et-blessures-ayant-entraine-la-mort\/","title":{"rendered":"Marrakech: Arrestation d\u2019un individu pour son implication pr\u00e9sum\u00e9e dans une affaire de coups et blessures ayant entra\u00een\u00e9 la mort"},"content":{"rendered":"<div class=\"single-featured\"><img alt=\"\" data-src=\"http:\/\/www.mapmarrakech.ma\/map\/uploads\/2019\/02\/policemarrakechnouvelle.jpg\"\/><\/div>\n<div class=\"single-post-excerpt post-excerpt-bc\" readability=\"40\">\n<p>Rabat, 17\/02\/2019 (MAP) \u2013 Le service pr\u00e9fectoral de la police judiciaire de Marrakech a arr\u00eat\u00e9, dimanche, un individu \u00e2g\u00e9 de 32 ans pour son implication pr\u00e9sum\u00e9e dans un crime de coups et blessures ayant entra\u00een\u00e9 la mort, perp\u00e9tr\u00e9 samedi dans un entrep\u00f4t de mat\u00e9riaux de construction dans la zone de M\u2019hamid, a indiqu\u00e9 la Direction g\u00e9n\u00e9rale de la s\u00fbret\u00e9 nationale (DGSN).<\/p>\n<\/div>\n<div class=\"entry-content clearfix single-post-content\" readability=\"43\">\n<p>Les donn\u00e9es pr\u00e9liminaires de l\u2019enqu\u00eate ont r\u00e9v\u00e9l\u00e9 que la victime et le mis en cause consommaient de l\u2019alcool et des drogues avant qu\u2019une dispute n\u2019\u00e9clate entre eux suite \u00e0 une tentative d\u2019agression sexuelle de la part de la victime, a soulign\u00e9 la DGSN dans un communiqu\u00e9, notant que la victime a rendu l\u2019\u00e2me apr\u00e8s avoir \u00e9t\u00e9 agress\u00e9e \u00e0 l\u2019aide d\u2019une pierre.<\/p>\n<p>Les recherches et investigations intenses men\u00e9es sur le terrain par les services de s\u00fbret\u00e9 ont permis de d\u00e9terminer l\u2019identit\u00e9 du suspect et de l\u2019appr\u00e9hender rapidement, a ajout\u00e9 la m\u00eame source pr\u00e9cisant que le mis en cause a \u00e9t\u00e9 plac\u00e9 en garde \u00e0 vue \u00e0 la disposition de l\u2019enqu\u00eate men\u00e9e sous la supervision du parquet comp\u00e9tent afin d\u2019\u00e9lucider les tenants et aboutissants de cette affaire.<\/p>\n<\/div>\n<p>Auteur: Meriem IGASS<br \/>\n<a href=\"http:\/\/www.mapmarrakech.ma\/fr\/marrakech-arrestation-dun-individu-pour-son-implication-presumee-dans-une-affaire-de-coups-et-blessures-ayant-entraine-la-mort\/\">Cliquez ici pour lire l&rsquo;article depuis sa source.<\/a><\/p>\n","protected":false},"excerpt":{"rendered":"<p>Rabat, 17\/02\/2019 (MAP) \u2013 Le service pr\u00e9fectoral de la police judiciaire de Marrakech a arr\u00eat\u00e9, dimanche, un individu \u00e2g\u00e9 de 32 ans pour son implication pr\u00e9sum\u00e9e dans un crime de coups et blessures ayant entra\u00een\u00e9 la mort, perp\u00e9tr\u00e9 samedi dans un entrep\u00f4t de mat\u00e9riaux de construction dans la zone de M\u2019hamid, a indiqu\u00e9 la Direction [&hellip;]<\/p>\n","protected":false},"author":1788,"featured_media":14880,"comment_status":"closed","ping_status":"closed","sticky":false,"template":"","format":"standard","meta":{"fifu_image_url":"","fifu_image_alt":"","footnotes":""},"categories":[54,76],"tags":[],"class_list":["post-14879","post","type-post","status-publish","format-standard","has-post-thumbnail","hentry","category-maroc","category-regions"],"_links":{"self":[{"href":"https:\/\/linitiative.ca\/International\/wp-json\/wp\/v2\/posts\/14879","targetHints":{"allow":["GET"]}}],"collection":[{"href":"https:\/\/linitiative.ca\/International\/wp-json\/wp\/v2\/posts"}],"about":[{"href":"https:\/\/linitiative.ca\/International\/wp-json\/wp\/v2\/types\/post"}],"author":[{"embeddable":true,"href":"https:\/\/linitiative.ca\/International\/wp-json\/wp\/v2\/users\/1788"}],"replies":[{"embeddable":true,"href":"https:\/\/linitiative.ca\/International\/wp-json\/wp\/v2\/comments?post=14879"}],"version-history":[{"count":0,"href":"https:\/\/linitiative.ca\/International\/wp-json\/wp\/v2\/posts\/14879\/revisions"}],"wp:featuredmedia":[{"embeddable":true,"href":"https:\/\/linitiative.ca\/International\/wp-json\/"}],"wp:attachment":[{"href":"https:\/\/linitiative.ca\/International\/wp-json\/wp\/v2\/media?parent=14879"}],"wp:term":[{"taxonomy":"category","embeddable":true,"href":"https:\/\/linitiative.ca\/International\/wp-json\/wp\/v2\/categories?post=14879"},{"taxonomy":"post_tag","embeddable":true,"href":"https:\/\/linitiative.ca\/International\/wp-json\/wp\/v2\/tags?post=14879"}],"curies":[{"name":"wp","href":"https:\/\/api.w.org\/{rel}","templated":true}]}}